{"id":285197,"date":"2025-07-27T11:04:43","date_gmt":"2025-07-27T15:04:43","guid":{"rendered":"https:\/\/elluchador.info\/?p=285197"},"modified":"2025-07-27T11:04:47","modified_gmt":"2025-07-27T15:04:47","slug":"el-papa-leon-xiv-pide-alto-el-fuego-en-gaza-y-advierte-sobre-crisis-humanitaria","status":"publish","type":"post","link":"https:\/\/elluchador.info\/?p=285197","title":{"rendered":"El Papa Le\u00f3n XIV pide alto el fuego en Gaza y advierte sobre crisis humanitaria"},"content":{"rendered":"\n<p>El Papa Le\u00f3n XIV, ha expresado este domingo su profunda preocupaci\u00f3n por la cr\u00edtica situaci\u00f3n humanitaria en Gaza, afirmando que la poblaci\u00f3n civil \u00abest\u00e1 aplastada por el hambre y contin\u00faa expuesta a la violencia y la muerte\u00bb.<\/p>\n\n\n\n<p>Durante su mensaje dominical, ofrecido tras el rezo del \u00c1ngelus en la Plaza de San Pedro, el pont\u00edfice hizo un llamado urgente a la comunidad internacional para lograr un alto al fuego inmediato en la regi\u00f3n. Asimismo, inst\u00f3 a la liberaci\u00f3n de los rehenes en manos del grupo Ham\u00e1s y al pleno respeto del derecho humanitario.<\/p>\n\n\n\n<p>\u00abMi coraz\u00f3n est\u00e1 con todos los que sufren los conflictos y la violencia en todo el mundo\u00bb, manifest\u00f3 Le\u00f3n XIV.<\/p>\n\n\n\n<p>El Santo Padre, extendi\u00f3 su preocupaci\u00f3n m\u00e1s all\u00e1 de Gaza, mencionando espec\u00edficamente la alarmante situaci\u00f3n de los ni\u00f1os y las familias desplazadas en la frontera entre Tailandia y Camboya, una zona tambi\u00e9n afectada por crisis y desplazamientos forzados.<\/p>\n\n\n\n<p>Con informaci\u00f3n de <strong>agencias<\/strong><\/p>\n","protected":false},"excerpt":{"rendered":"<p>El Papa Le\u00f3n XIV, ha expresado este domingo su profunda preocupaci\u00f3n por la cr\u00edtica situaci\u00f3n humanitaria en Gaza, afirmando que la poblaci\u00f3n civil \u00abest\u00e1 aplastada por el hambre y contin\u00faa expuesta a la violencia y la muerte\u00bb. Durante su mensaje dominical, ofrecido tras el rezo del \u00c1ngelus en la Plaza de San Pedro, el pont\u00edfice [&hellip;]<\/p>\n","protected":false},"author":38,"featured_media":285198,"comment_status":"closed","ping_status":"closed","sticky":false,"template":"","format":"standard","meta":{"footnotes":""},"categories":[8],"tags":[448],"class_list":{"0":"post-285197","1":"post","2":"type-post","3":"status-publish","4":"format-standard","5":"has-post-thumbnail","7":"category-internacionales","8":"tag-mundo"},"_links":{"self":[{"href":"https:\/\/elluchador.info\/index.php?rest_route=\/wp\/v2\/posts\/285197","targetHints":{"allow":["GET"]}}],"collection":[{"href":"https:\/\/elluchador.info\/index.php?rest_route=\/wp\/v2\/posts"}],"about":[{"href":"https:\/\/elluchador.info\/index.php?rest_route=\/wp\/v2\/types\/post"}],"author":[{"embeddable":true,"href":"https:\/\/elluchador.info\/index.php?rest_route=\/wp\/v2\/users\/38"}],"replies":[{"embeddable":true,"href":"https:\/\/elluchador.info\/index.php?rest_route=%2Fwp%2Fv2%2Fcomments&post=285197"}],"version-history":[{"count":1,"href":"https:\/\/elluchador.info\/index.php?rest_route=\/wp\/v2\/posts\/285197\/revisions"}],"predecessor-version":[{"id":285199,"href":"https:\/\/elluchador.info\/index.php?rest_route=\/wp\/v2\/posts\/285197\/revisions\/285199"}],"wp:featuredmedia":[{"embeddable":true,"href":"https:\/\/elluchador.info\/index.php?rest_route=\/wp\/v2\/media\/285198"}],"wp:attachment":[{"href":"https:\/\/elluchador.info\/index.php?rest_route=%2Fwp%2Fv2%2Fmedia&parent=285197"}],"wp:term":[{"taxonomy":"category","embeddable":true,"href":"https:\/\/elluchador.info\/index.php?rest_route=%2Fwp%2Fv2%2Fcategories&post=285197"},{"taxonomy":"post_tag","embeddable":true,"href":"https:\/\/elluchador.info\/index.php?rest_route=%2Fwp%2Fv2%2Ftags&post=285197"}],"curies":[{"name":"wp","href":"https:\/\/api.w.org\/{rel}","templated":true}]}}