{"id":285200,"date":"2025-07-27T11:21:37","date_gmt":"2025-07-27T15:21:37","guid":{"rendered":"https:\/\/elluchador.info\/?p=285200"},"modified":"2025-07-27T11:33:42","modified_gmt":"2025-07-27T15:33:42","slug":"candidato-opositor-luis-cedeno-ejerce-su-derecho-al-voto-en-caroni","status":"publish","type":"post","link":"https:\/\/elluchador.info\/?p=285200","title":{"rendered":"Candidato opositor Luis Cede\u00f1o ejerce su derecho al voto en Caron\u00ed"},"content":{"rendered":"\n<p>Luis Cede\u00f1o, candidato de Un Nuevo Tiempo a la alcald\u00eda del municipio Caron\u00ed, en el estado Bol\u00edvar, ejerci\u00f3 su derecho al voto la ma\u00f1ana de este domingo y aprovech\u00f3 la oportunidad para hacer un llamado a la participaci\u00f3n masiva de los ciudadanos en la jornada electoral.<\/p>\n\n\n\n<p>Cede\u00f1o, sufrag\u00f3 en la Escuela Estadal Jos\u00e9 F\u00e9lix Ribas, ubicada en el sector La Gr\u00faa de San F\u00e9lix, un centro de votaci\u00f3n con un padr\u00f3n electoral de 1.250 personas.<\/p>\n\n\n\n<p>Tras ejercer su voto, el candidato se\u00f1al\u00f3 \u00aba pesar de haberse reportado algunas incidencias menores durante el proceso, estas han sido solventadas sin mayores contratiempos\u00bb, asegurando la normalidad de la jornada. Al tiempo que enfatiz\u00f3 la importancia de que cada ciudadano acuda a las urnas para expresar su voluntad y fortalecer la democracia local \u00abel llamado es que cada ciudadano salga a votar, libremente\u00bb detall\u00f3. <\/p>\n\n\n\n<p><strong>Redacci\u00f3n<\/strong><\/p>\n","protected":false},"excerpt":{"rendered":"<p>Luis Cede\u00f1o, candidato de Un Nuevo Tiempo a la alcald\u00eda del municipio Caron\u00ed, en el estado Bol\u00edvar, ejerci\u00f3 su derecho al voto la ma\u00f1ana de este domingo y aprovech\u00f3 la oportunidad para hacer un llamado a la participaci\u00f3n masiva de los ciudadanos en la jornada electoral. Cede\u00f1o, sufrag\u00f3 en la Escuela Estadal Jos\u00e9 F\u00e9lix Ribas, [&hellip;]<\/p>\n","protected":false},"author":38,"featured_media":285201,"comment_status":"closed","ping_status":"closed","sticky":false,"template":"","format":"standard","meta":{"footnotes":""},"categories":[5,11],"tags":[185,1178,105],"class_list":{"0":"post-285200","1":"post","2":"type-post","3":"status-publish","4":"format-standard","5":"has-post-thumbnail","7":"category-destacado","8":"category-politica","9":"tag-bolivar","10":"tag-ciudad-guayana","11":"tag-venezuela"},"_links":{"self":[{"href":"https:\/\/elluchador.info\/index.php?rest_route=\/wp\/v2\/posts\/285200","targetHints":{"allow":["GET"]}}],"collection":[{"href":"https:\/\/elluchador.info\/index.php?rest_route=\/wp\/v2\/posts"}],"about":[{"href":"https:\/\/elluchador.info\/index.php?rest_route=\/wp\/v2\/types\/post"}],"author":[{"embeddable":true,"href":"https:\/\/elluchador.info\/index.php?rest_route=\/wp\/v2\/users\/38"}],"replies":[{"embeddable":true,"href":"https:\/\/elluchador.info\/index.php?rest_route=%2Fwp%2Fv2%2Fcomments&post=285200"}],"version-history":[{"count":4,"href":"https:\/\/elluchador.info\/index.php?rest_route=\/wp\/v2\/posts\/285200\/revisions"}],"predecessor-version":[{"id":285208,"href":"https:\/\/elluchador.info\/index.php?rest_route=\/wp\/v2\/posts\/285200\/revisions\/285208"}],"wp:featuredmedia":[{"embeddable":true,"href":"https:\/\/elluchador.info\/index.php?rest_route=\/wp\/v2\/media\/285201"}],"wp:attachment":[{"href":"https:\/\/elluchador.info\/index.php?rest_route=%2Fwp%2Fv2%2Fmedia&parent=285200"}],"wp:term":[{"taxonomy":"category","embeddable":true,"href":"https:\/\/elluchador.info\/index.php?rest_route=%2Fwp%2Fv2%2Fcategories&post=285200"},{"taxonomy":"post_tag","embeddable":true,"href":"https:\/\/elluchador.info\/index.php?rest_route=%2Fwp%2Fv2%2Ftags&post=285200"}],"curies":[{"name":"wp","href":"https:\/\/api.w.org\/{rel}","templated":true}]}}