{"id":285204,"date":"2025-07-27T11:30:00","date_gmt":"2025-07-27T15:30:00","guid":{"rendered":"https:\/\/elluchador.info\/?p=285204"},"modified":"2025-07-27T11:25:57","modified_gmt":"2025-07-27T15:25:57","slug":"ecuador-deporta-a-mas-de-800-presos-colombianos","status":"publish","type":"post","link":"https:\/\/elluchador.info\/?p=285204","title":{"rendered":"Ecuador deporta a m\u00e1s de 800 presos colombianos"},"content":{"rendered":"\n<p>M\u00e1s de 800 presos colombianos han sido deportados a su pa\u00eds a trav\u00e9s del paso fronterizo de la provincia ecuatoriana de Carchi, seg\u00fan informaron las autoridades locales este s\u00e1bado.<\/p>\n\n\n\n<p>La acci\u00f3n ha provocado una fuerte protesta diplom\u00e1tica por parte de Colombia, que la califica de \u00abunilateral\u00bb e \u00abincumplimiento\u00bb del derecho internacional.<\/p>\n\n\n\n<p>La gobernadora de Carchi, Diana Pozo, declar\u00f3 a la prensa en el puente fronterizo de Rumichaca que \u00abhemos realizado un trabajo interinstitucional con Migraci\u00f3n de Colombia y Ecuador para que este proceso de deportaci\u00f3n sea \u00e1gil y no haya un colapso en el puente\u00bb. Sin embargo, las autoridades colombianas niegan haber sido notificadas. Juan Morales, secretario de Gobierno del municipio colombiano de Ipiales, lament\u00f3 que \u00abal no inform\u00e1rsenos, no ten\u00edamos un plan de contingencia\u00bb para recibirlos.<\/p>\n\n\n\n<p>El Ministerio de Relaciones Exteriores de Colombia, emiti\u00f3 un comunicado indicando que Quito, inici\u00f3 la deportaci\u00f3n \u00abdesatendiendo las respetuosas y reiteradas\u00bb solicitudes para establecer un protocolo previo, calificando la medida como un \u00abgesto inamistoso\u00bb.<\/p>\n\n\n\n<p>Por su parte, la canciller\u00eda ecuatoriana, afirm\u00f3 este s\u00e1bado en un comunicado que las deportaciones fueron anunciadas a Bogot\u00e1 desde el 8 de julio y que se realizan con \u00abrespeto a los derechos humanos\u00bb y tras una revisi\u00f3n individual de cada caso. Ecuador critic\u00f3 \u00abla afirmaci\u00f3n de una supuesta deportaci\u00f3n colectiva\u00bb.<\/p>\n\n\n\n<p>El presidente ecuatoriano, Daniel Noboa, hab\u00eda expresado en 2024 su intenci\u00f3n de deportar a reos colombianos para descongestionar las prisiones de su pa\u00eds. En abril de este a\u00f1o, peque\u00f1os grupos de reclusos comenzaron a ser trasladados a la frontera.<\/p>\n\n\n\n<p>Con informaci\u00f3n de <strong>agencias<\/strong><\/p>\n","protected":false},"excerpt":{"rendered":"<p>M\u00e1s de 800 presos colombianos han sido deportados a su pa\u00eds a trav\u00e9s del paso fronterizo de la provincia ecuatoriana de Carchi, seg\u00fan informaron las autoridades locales este s\u00e1bado. La acci\u00f3n ha provocado una fuerte protesta diplom\u00e1tica por parte de Colombia, que la califica de \u00abunilateral\u00bb e \u00abincumplimiento\u00bb del derecho internacional. La gobernadora de Carchi, [&hellip;]<\/p>\n","protected":false},"author":38,"featured_media":285205,"comment_status":"closed","ping_status":"closed","sticky":false,"template":"","format":"standard","meta":{"footnotes":""},"categories":[8],"tags":[448],"class_list":{"0":"post-285204","1":"post","2":"type-post","3":"status-publish","4":"format-standard","5":"has-post-thumbnail","7":"category-internacionales","8":"tag-mundo"},"_links":{"self":[{"href":"https:\/\/elluchador.info\/index.php?rest_route=\/wp\/v2\/posts\/285204","targetHints":{"allow":["GET"]}}],"collection":[{"href":"https:\/\/elluchador.info\/index.php?rest_route=\/wp\/v2\/posts"}],"about":[{"href":"https:\/\/elluchador.info\/index.php?rest_route=\/wp\/v2\/types\/post"}],"author":[{"embeddable":true,"href":"https:\/\/elluchador.info\/index.php?rest_route=\/wp\/v2\/users\/38"}],"replies":[{"embeddable":true,"href":"https:\/\/elluchador.info\/index.php?rest_route=%2Fwp%2Fv2%2Fcomments&post=285204"}],"version-history":[{"count":1,"href":"https:\/\/elluchador.info\/index.php?rest_route=\/wp\/v2\/posts\/285204\/revisions"}],"predecessor-version":[{"id":285206,"href":"https:\/\/elluchador.info\/index.php?rest_route=\/wp\/v2\/posts\/285204\/revisions\/285206"}],"wp:featuredmedia":[{"embeddable":true,"href":"https:\/\/elluchador.info\/index.php?rest_route=\/wp\/v2\/media\/285205"}],"wp:attachment":[{"href":"https:\/\/elluchador.info\/index.php?rest_route=%2Fwp%2Fv2%2Fmedia&parent=285204"}],"wp:term":[{"taxonomy":"category","embeddable":true,"href":"https:\/\/elluchador.info\/index.php?rest_route=%2Fwp%2Fv2%2Fcategories&post=285204"},{"taxonomy":"post_tag","embeddable":true,"href":"https:\/\/elluchador.info\/index.php?rest_route=%2Fwp%2Fv2%2Ftags&post=285204"}],"curies":[{"name":"wp","href":"https:\/\/api.w.org\/{rel}","templated":true}]}}