{"id":285212,"date":"2025-07-27T12:01:00","date_gmt":"2025-07-27T16:01:00","guid":{"rendered":"https:\/\/elluchador.info\/?p=285212"},"modified":"2025-07-27T12:33:58","modified_gmt":"2025-07-27T16:33:58","slug":"gobernadora-yulisbeth-garcia-ejercio-su-derecho-al-voto-en-el-pao","status":"publish","type":"post","link":"https:\/\/elluchador.info\/?p=285212","title":{"rendered":"Desde El Pao Gobernadora Yulisbeth Garc\u00eda ejerci\u00f3 su derecho al voto"},"content":{"rendered":"\n<p>La gobernadora del estado Bol\u00edvar, Yulisbeth Garc\u00eda, ejerci\u00f3 su derecho al voto este 27 de julio en los comicios municipales 2025, desde la UEE Enriqueta de P\u00e9rez, ubicada en la parroquia Andr\u00e9s Eloy Blanco de El Pao.<\/p>\n\n\n\n<p>La mandataria regional, expres\u00f3 su entusiasmo al llegar a su ciudad natal: \u00abCon mucha fuerza y alegr\u00eda llegu\u00e9 a mi amado pueblo de El Pao, para celebrar en esta fiesta electoral y democr\u00e1tica. Ejerc\u00ed mi derecho al voto con fervor y con el mismo compromiso de lucha y trabajo\u00bb detall\u00f3.<\/p>\n\n\n\n<p>Garc\u00eda, calific\u00f3 la jornada como \u00abuna ma\u00f1ana hermosa, un domingo hist\u00f3rico, donde una vez m\u00e1s, cumplimos con nuestra Patria, eligiendo, participando y votando para seguir construyendo juntos el pa\u00eds que queremos, con m\u00e1s amor, m\u00e1s atenci\u00f3n y m\u00e1s bendiciones para nuestro pueblo\u00bb mencion\u00f3.<\/p>\n\n\n\n<p>Finalmente, la gobernadora hizo un llamado a toda la ciudadan\u00eda a participar en esta jornada electoral \u201c\u00a1todos a votar! demostremos que somos un pa\u00eds libre y democr\u00e1tico\u00bb resalt\u00f3.<\/p>\n\n\n\n<figure class=\"wp-block-image size-large\"><img loading=\"lazy\" decoding=\"async\" width=\"1024\" height=\"768\" src=\"https:\/\/elluchador.info\/wp-content\/uploads\/2025\/07\/tatachavista_photo_1753630942579-1024x768.jpg\" alt=\"\" class=\"wp-image-285214\" srcset=\"https:\/\/elluchador.info\/wp-content\/uploads\/2025\/07\/tatachavista_photo_1753630942579-1024x768.jpg 1024w, https:\/\/elluchador.info\/wp-content\/uploads\/2025\/07\/tatachavista_photo_1753630942579-300x225.jpg 300w, https:\/\/elluchador.info\/wp-content\/uploads\/2025\/07\/tatachavista_photo_1753630942579-768x576.jpg 768w, https:\/\/elluchador.info\/wp-content\/uploads\/2025\/07\/tatachavista_photo_1753630942579-150x113.jpg 150w, https:\/\/elluchador.info\/wp-content\/uploads\/2025\/07\/tatachavista_photo_1753630942579-696x522.jpg 696w, https:\/\/elluchador.info\/wp-content\/uploads\/2025\/07\/tatachavista_photo_1753630942579-1068x801.jpg 1068w, https:\/\/elluchador.info\/wp-content\/uploads\/2025\/07\/tatachavista_photo_1753630942579.jpg 1080w\" sizes=\"auto, (max-width: 1024px) 100vw, 1024px\" \/><\/figure>\n\n\n\n<p><strong>Redacci\u00f3n<\/strong><\/p>\n","protected":false},"excerpt":{"rendered":"<p>La gobernadora del estado Bol\u00edvar, Yulisbeth Garc\u00eda, ejerci\u00f3 su derecho al voto este 27 de julio en los comicios municipales 2025, desde la UEE Enriqueta de P\u00e9rez, ubicada en la parroquia Andr\u00e9s Eloy Blanco de El Pao. La mandataria regional, expres\u00f3 su entusiasmo al llegar a su ciudad natal: \u00abCon mucha fuerza y alegr\u00eda llegu\u00e9 [&hellip;]<\/p>\n","protected":false},"author":38,"featured_media":285213,"comment_status":"closed","ping_status":"closed","sticky":false,"template":"","format":"standard","meta":{"footnotes":""},"categories":[12],"tags":[185,105],"class_list":{"0":"post-285212","1":"post","2":"type-post","3":"status-publish","4":"format-standard","5":"has-post-thumbnail","7":"category-regionales","8":"tag-bolivar","9":"tag-venezuela"},"_links":{"self":[{"href":"https:\/\/elluchador.info\/index.php?rest_route=\/wp\/v2\/posts\/285212","targetHints":{"allow":["GET"]}}],"collection":[{"href":"https:\/\/elluchador.info\/index.php?rest_route=\/wp\/v2\/posts"}],"about":[{"href":"https:\/\/elluchador.info\/index.php?rest_route=\/wp\/v2\/types\/post"}],"author":[{"embeddable":true,"href":"https:\/\/elluchador.info\/index.php?rest_route=\/wp\/v2\/users\/38"}],"replies":[{"embeddable":true,"href":"https:\/\/elluchador.info\/index.php?rest_route=%2Fwp%2Fv2%2Fcomments&post=285212"}],"version-history":[{"count":3,"href":"https:\/\/elluchador.info\/index.php?rest_route=\/wp\/v2\/posts\/285212\/revisions"}],"predecessor-version":[{"id":285220,"href":"https:\/\/elluchador.info\/index.php?rest_route=\/wp\/v2\/posts\/285212\/revisions\/285220"}],"wp:featuredmedia":[{"embeddable":true,"href":"https:\/\/elluchador.info\/index.php?rest_route=\/wp\/v2\/media\/285213"}],"wp:attachment":[{"href":"https:\/\/elluchador.info\/index.php?rest_route=%2Fwp%2Fv2%2Fmedia&parent=285212"}],"wp:term":[{"taxonomy":"category","embeddable":true,"href":"https:\/\/elluchador.info\/index.php?rest_route=%2Fwp%2Fv2%2Fcategories&post=285212"},{"taxonomy":"post_tag","embeddable":true,"href":"https:\/\/elluchador.info\/index.php?rest_route=%2Fwp%2Fv2%2Ftags&post=285212"}],"curies":[{"name":"wp","href":"https:\/\/api.w.org\/{rel}","templated":true}]}}