{"id":285284,"date":"2025-07-27T20:17:08","date_gmt":"2025-07-28T00:17:08","guid":{"rendered":"https:\/\/elluchador.info\/?p=285284"},"modified":"2025-07-27T20:17:12","modified_gmt":"2025-07-28T00:17:12","slug":"al-menos-tres-personas-fallecieron-tras-el-descarrilamiento-de-un-tren-en-alemania","status":"publish","type":"post","link":"https:\/\/elluchador.info\/?p=285284","title":{"rendered":"Al menos tres personas fallecieron tras el descarrilamiento de un tren en Alemania"},"content":{"rendered":"\n<p>\u200eUn tren regional de pasajeros descarril\u00f3 en el sur de Alemania el domingo y caus\u00f3 la muerte de al menos tres personas y varios heridos, seg\u00fan informaron las autoridades.<br>\u200e<br>\u200eLa polic\u00eda federal y local indic\u00f3 que la causa del accidente cerca de Riedlingen, a unos 158 kil\u00f3metros al oeste de M\u00fanich, sigue bajo investigaci\u00f3n. Fotos del lugar muestran partes del tren volcadas mientras los rescatistas sub\u00edan a los vagones. <\/p>\n\n\n<div class=\"wp-block-image\">\n<figure class=\"alignleft size-large is-resized\"><img loading=\"lazy\" decoding=\"async\" width=\"1024\" height=\"576\" src=\"https:\/\/elluchador.info\/wp-content\/uploads\/2025\/07\/2025072722100970255-1024x576.webp\" alt=\"\" class=\"wp-image-285285\" style=\"width:562px;height:auto\" srcset=\"https:\/\/elluchador.info\/wp-content\/uploads\/2025\/07\/2025072722100970255-1024x576.webp 1024w, https:\/\/elluchador.info\/wp-content\/uploads\/2025\/07\/2025072722100970255-300x169.webp 300w, https:\/\/elluchador.info\/wp-content\/uploads\/2025\/07\/2025072722100970255-768x432.webp 768w, https:\/\/elluchador.info\/wp-content\/uploads\/2025\/07\/2025072722100970255-150x84.webp 150w, https:\/\/elluchador.info\/wp-content\/uploads\/2025\/07\/2025072722100970255-696x392.webp 696w, https:\/\/elluchador.info\/wp-content\/uploads\/2025\/07\/2025072722100970255-1068x601.webp 1068w, https:\/\/elluchador.info\/wp-content\/uploads\/2025\/07\/2025072722100970255.webp 1279w\" sizes=\"auto, (max-width: 1024px) 100vw, 1024px\" \/><\/figure>\n<\/div>\n\n\n<p>Se desconoce hasta el momento el n\u00famero de heridos. Aproximadamente 100 personas se encontraban a bordo del tren cuando al menos dos vagones descarrilaron en una zona boscosa alrededor de las 6:10 p.m. hora local.<br>\u200e<br>\u200eEl canciller de Alemania Friedrich Merz, en una publicaci\u00f3n en X, expres\u00f3 su pesar por las v\u00edctimas y ofreci\u00f3 sus condolencias a sus familias.<br>\u200e<br>\u200eDeutsche Bahn, el principal operador ferroviario nacional de Alemania, no respondi\u00f3 a la solicitud de comentarios de The Associated Press el domingo por la noche.<br>\u200e<br>\u200eCon informaci\u00f3n <strong><em>Agencias-.<\/em><\/strong><\/p>\n","protected":false},"excerpt":{"rendered":"<p>\u200eUn tren regional de pasajeros descarril\u00f3 en el sur de Alemania el domingo y caus\u00f3 la muerte de al menos tres personas y varios heridos, seg\u00fan informaron las autoridades.\u200e\u200eLa polic\u00eda federal y local indic\u00f3 que la causa del accidente cerca de Riedlingen, a unos 158 kil\u00f3metros al oeste de M\u00fanich, sigue bajo investigaci\u00f3n. Fotos del [&hellip;]<\/p>\n","protected":false},"author":33,"featured_media":285286,"comment_status":"closed","ping_status":"closed","sticky":false,"template":"","format":"standard","meta":{"footnotes":""},"categories":[8],"tags":[1826,670,4702],"class_list":{"0":"post-285284","1":"post","2":"type-post","3":"status-publish","4":"format-standard","5":"has-post-thumbnail","7":"category-internacionales","8":"tag-alemania","9":"tag-heridos","10":"tag-tren"},"_links":{"self":[{"href":"https:\/\/elluchador.info\/index.php?rest_route=\/wp\/v2\/posts\/285284","targetHints":{"allow":["GET"]}}],"collection":[{"href":"https:\/\/elluchador.info\/index.php?rest_route=\/wp\/v2\/posts"}],"about":[{"href":"https:\/\/elluchador.info\/index.php?rest_route=\/wp\/v2\/types\/post"}],"author":[{"embeddable":true,"href":"https:\/\/elluchador.info\/index.php?rest_route=\/wp\/v2\/users\/33"}],"replies":[{"embeddable":true,"href":"https:\/\/elluchador.info\/index.php?rest_route=%2Fwp%2Fv2%2Fcomments&post=285284"}],"version-history":[{"count":1,"href":"https:\/\/elluchador.info\/index.php?rest_route=\/wp\/v2\/posts\/285284\/revisions"}],"predecessor-version":[{"id":285287,"href":"https:\/\/elluchador.info\/index.php?rest_route=\/wp\/v2\/posts\/285284\/revisions\/285287"}],"wp:featuredmedia":[{"embeddable":true,"href":"https:\/\/elluchador.info\/index.php?rest_route=\/wp\/v2\/media\/285286"}],"wp:attachment":[{"href":"https:\/\/elluchador.info\/index.php?rest_route=%2Fwp%2Fv2%2Fmedia&parent=285284"}],"wp:term":[{"taxonomy":"category","embeddable":true,"href":"https:\/\/elluchador.info\/index.php?rest_route=%2Fwp%2Fv2%2Fcategories&post=285284"},{"taxonomy":"post_tag","embeddable":true,"href":"https:\/\/elluchador.info\/index.php?rest_route=%2Fwp%2Fv2%2Ftags&post=285284"}],"curies":[{"name":"wp","href":"https:\/\/api.w.org\/{rel}","templated":true}]}}