{"id":285302,"date":"2025-07-28T08:05:00","date_gmt":"2025-07-28T12:05:00","guid":{"rendered":"https:\/\/elluchador.info\/?p=285302"},"modified":"2025-07-28T08:00:04","modified_gmt":"2025-07-28T12:00:04","slug":"vecinos-de-el-mereyal-claman-por-solucion-ante-desbordes-de-aguas-residuales","status":"publish","type":"post","link":"https:\/\/elluchador.info\/?p=285302","title":{"rendered":"Vecinos de El Mereyal claman por soluci\u00f3n ante desbordes de aguas residuales"},"content":{"rendered":"\n<p>En la calle La Esperanza, ubicada en la comunidad El Mereyal de la parroquia Catedral, los vecinos conviven desde hace cinco meses con aguas residuales desbordadas, que han convertido la zona en un foco constante de contaminaci\u00f3n y malos olores.<\/p>\n\n\n\n<p>Una de las m\u00e1s afectadas es la se\u00f1ora Josmely Guevara, quien vive al inicio de la calle, justo frente al lugar donde se concentra el problema. \u201cTenemos cinco meses en esta situaci\u00f3n. Las aguas contaminadas se desbordan frente a mi casa y afectan a toda la comunidad\u201d, expres\u00f3. Asegura que, pese a m\u00faltiples llamados a los entes competentes, no han recibido una respuesta efectiva. \u201cHan venido, ven c\u00f3mo est\u00e1 todo, prometen solucionar, pero no hacen nada. Incluso hemos denunciado el caso en la radio\u201d, agreg\u00f3.<\/p>\n\n\n\n<p>El panorama se agrava al final de la misma calle, donde, seg\u00fan los vecinos, hay un hueco de gran tama\u00f1o causado por la ruptura de una tuber\u00eda de aguas negras, un problema que data de hace m\u00e1s de 10 a\u00f1os. \u201cEso tiene a\u00f1os as\u00ed. Vienen, toman fotos y se van. Hace tres semanas trajeron unos tubos, supuestamente de la Gobernaci\u00f3n, pero aqu\u00ed seguimos esperando\u201d, relat\u00f3 Leonor L\u00f3pez, habitante de la zona.<\/p>\n\n\n\n<p>L\u00f3pez, tambi\u00e9n manifest\u00f3 su preocupaci\u00f3n por el impacto en su entorno familiar. \u201cTengo una hija con autismo. Tengo que mantener la puerta cerrada todo el d\u00eda por los malos olores, y tambi\u00e9n para evitar que se acerque al hueco. Antes eso se rebosaba de aguas cloacales; ahora ha cedido un poco, pero igual necesitamos que vengan a resolver esta situaci\u00f3n\u201d.<\/p>\n\n\n\n<p>Otra residente, Gledis V\u00e1squez, tambi\u00e9n exigi\u00f3 una pronta respuesta. \u201cTrajeron unos tubos y dicen que est\u00e1n en proceso, pero necesitamos que act\u00faen ya. Hay m\u00e1s de 50 familias afectadas por estos dos focos de aguas negras en la misma calle. Vivimos con plagas, malos olores y miedo de que esto se vuelva un problema de salud p\u00fablica\u201d.<\/p>\n\n\n\n<p>La comunidad de El Mereyal, reitera el llamado a las autoridades locales y regionales para que intervengan de manera urgente y definitiva, y as\u00ed poner fin a una problem\u00e1tica que lleva a\u00f1os afectando la calidad de vida de decenas de familias.<\/p>\n\n\n\n<p><strong>Yanitza Mart\u00ednez<\/strong><\/p>\n","protected":false},"excerpt":{"rendered":"<p>En la calle La Esperanza, ubicada en la comunidad El Mereyal de la parroquia Catedral, los vecinos conviven desde hace cinco meses con aguas residuales desbordadas, que han convertido la zona en un foco constante de contaminaci\u00f3n y malos olores. Una de las m\u00e1s afectadas es la se\u00f1ora Josmely Guevara, quien vive al inicio de [&hellip;]<\/p>\n","protected":false},"author":38,"featured_media":285303,"comment_status":"closed","ping_status":"closed","sticky":false,"template":"","format":"standard","meta":{"footnotes":""},"categories":[2],"tags":[185,306,105],"class_list":{"0":"post-285302","1":"post","2":"type-post","3":"status-publish","4":"format-standard","5":"has-post-thumbnail","7":"category-comunidad","8":"tag-bolivar","9":"tag-ciudad-bolivar","10":"tag-venezuela"},"_links":{"self":[{"href":"https:\/\/elluchador.info\/index.php?rest_route=\/wp\/v2\/posts\/285302","targetHints":{"allow":["GET"]}}],"collection":[{"href":"https:\/\/elluchador.info\/index.php?rest_route=\/wp\/v2\/posts"}],"about":[{"href":"https:\/\/elluchador.info\/index.php?rest_route=\/wp\/v2\/types\/post"}],"author":[{"embeddable":true,"href":"https:\/\/elluchador.info\/index.php?rest_route=\/wp\/v2\/users\/38"}],"replies":[{"embeddable":true,"href":"https:\/\/elluchador.info\/index.php?rest_route=%2Fwp%2Fv2%2Fcomments&post=285302"}],"version-history":[{"count":1,"href":"https:\/\/elluchador.info\/index.php?rest_route=\/wp\/v2\/posts\/285302\/revisions"}],"predecessor-version":[{"id":285304,"href":"https:\/\/elluchador.info\/index.php?rest_route=\/wp\/v2\/posts\/285302\/revisions\/285304"}],"wp:featuredmedia":[{"embeddable":true,"href":"https:\/\/elluchador.info\/index.php?rest_route=\/wp\/v2\/media\/285303"}],"wp:attachment":[{"href":"https:\/\/elluchador.info\/index.php?rest_route=%2Fwp%2Fv2%2Fmedia&parent=285302"}],"wp:term":[{"taxonomy":"category","embeddable":true,"href":"https:\/\/elluchador.info\/index.php?rest_route=%2Fwp%2Fv2%2Fcategories&post=285302"},{"taxonomy":"post_tag","embeddable":true,"href":"https:\/\/elluchador.info\/index.php?rest_route=%2Fwp%2Fv2%2Ftags&post=285302"}],"curies":[{"name":"wp","href":"https:\/\/api.w.org\/{rel}","templated":true}]}}