{"id":285388,"date":"2025-07-28T22:35:03","date_gmt":"2025-07-29T02:35:03","guid":{"rendered":"https:\/\/elluchador.info\/?p=285388"},"modified":"2025-07-28T22:36:01","modified_gmt":"2025-07-29T02:36:01","slug":"consecomercio-solicito-a-afiliados-trabajar-con-autoridades-municipales-electos","status":"publish","type":"post","link":"https:\/\/elluchador.info\/?p=285388","title":{"rendered":"Consecomercio solicit\u00f3 a afiliados trabajar con autoridades municipales electas"},"content":{"rendered":"\n<p>\u200eEl Consejo Nacional del Comercio y los Servicios (Consecomercio) felicit\u00f3 a los alcaldes y concejales electos en las recientes elecciones municipales.<br>\u200e<br>\u200eEn este nuevo ciclo de gesti\u00f3n local, la instituci\u00f3n hizo un llamado respetuoso a asumir con compromiso el bienestar de las comunidades, impulsando la transformaci\u00f3n y el crecimiento econ\u00f3mico desde un enfoque articulado entre sectores p\u00fablicos y privados.<br>\u200e<br>\u200e\u201cEs imperativo realizar un trabajo conjunto con cada una de nuestras c\u00e1maras de comercio e industria, turismo e inmobiliaria, para reformar aquellas ordenanzas que frenen esos objetivos. Hay que estimular la inversi\u00f3n privada productiva, la formalidad comercial, la generaci\u00f3n de empleos, la educaci\u00f3n, la seguridad y los servicios p\u00fablicos\u201d, se\u00f1al\u00f3 el presidente de Consecomercio Jos\u00e9 Gregorio Rodr\u00edguez.<br>\u200e<br>\u200eCon esa perspectiva de colaboraci\u00f3n, la instituci\u00f3n enfatiza la necesidad de abrir canales de entendimiento y di\u00e1logo entre sus afiliados y las nuevas autoridades municipales.<br>\u200e<br>\u200e\u201cConsecomercio respetuosamente solicita a cada de unas de sus c\u00e1maras afiliadas a generar acercamientos y trabajo en equipo junto a las autoridades municipales electas\u201d, concluy\u00f3 Rodr\u00edguez.<br>\u200e<br>\u200eCon informaci\u00f3n <strong><em>Sumarium<\/em><\/strong><\/p>\n","protected":false},"excerpt":{"rendered":"<p>\u200eEl Consejo Nacional del Comercio y los Servicios (Consecomercio) felicit\u00f3 a los alcaldes y concejales electos en las recientes elecciones municipales.\u200e\u200eEn este nuevo ciclo de gesti\u00f3n local, la instituci\u00f3n hizo un llamado respetuoso a asumir con compromiso el bienestar de las comunidades, impulsando la transformaci\u00f3n y el crecimiento econ\u00f3mico desde un enfoque articulado entre sectores [&hellip;]<\/p>\n","protected":false},"author":33,"featured_media":285389,"comment_status":"closed","ping_status":"closed","sticky":false,"template":"","format":"standard","meta":{"footnotes":""},"categories":[5,6],"tags":[4709,727],"class_list":{"0":"post-285388","1":"post","2":"type-post","3":"status-publish","4":"format-standard","5":"has-post-thumbnail","7":"category-destacado","8":"category-economia","9":"tag-comerciantes","10":"tag-municipales"},"_links":{"self":[{"href":"https:\/\/elluchador.info\/index.php?rest_route=\/wp\/v2\/posts\/285388","targetHints":{"allow":["GET"]}}],"collection":[{"href":"https:\/\/elluchador.info\/index.php?rest_route=\/wp\/v2\/posts"}],"about":[{"href":"https:\/\/elluchador.info\/index.php?rest_route=\/wp\/v2\/types\/post"}],"author":[{"embeddable":true,"href":"https:\/\/elluchador.info\/index.php?rest_route=\/wp\/v2\/users\/33"}],"replies":[{"embeddable":true,"href":"https:\/\/elluchador.info\/index.php?rest_route=%2Fwp%2Fv2%2Fcomments&post=285388"}],"version-history":[{"count":2,"href":"https:\/\/elluchador.info\/index.php?rest_route=\/wp\/v2\/posts\/285388\/revisions"}],"predecessor-version":[{"id":285391,"href":"https:\/\/elluchador.info\/index.php?rest_route=\/wp\/v2\/posts\/285388\/revisions\/285391"}],"wp:featuredmedia":[{"embeddable":true,"href":"https:\/\/elluchador.info\/index.php?rest_route=\/wp\/v2\/media\/285389"}],"wp:attachment":[{"href":"https:\/\/elluchador.info\/index.php?rest_route=%2Fwp%2Fv2%2Fmedia&parent=285388"}],"wp:term":[{"taxonomy":"category","embeddable":true,"href":"https:\/\/elluchador.info\/index.php?rest_route=%2Fwp%2Fv2%2Fcategories&post=285388"},{"taxonomy":"post_tag","embeddable":true,"href":"https:\/\/elluchador.info\/index.php?rest_route=%2Fwp%2Fv2%2Ftags&post=285388"}],"curies":[{"name":"wp","href":"https:\/\/api.w.org\/{rel}","templated":true}]}}