{"id":285396,"date":"2025-07-29T07:46:14","date_gmt":"2025-07-29T11:46:14","guid":{"rendered":"https:\/\/elluchador.info\/?p=285396"},"modified":"2025-07-29T07:46:18","modified_gmt":"2025-07-29T11:46:18","slug":"se-preve-nubosidad-parcial-tras-el-paso-de-la-onda-tropical-n-21-por-el-occidente-del-pais","status":"publish","type":"post","link":"https:\/\/elluchador.info\/?p=285396","title":{"rendered":"Se prev\u00e9 nubosidad parcial tras el paso de la onda tropical N\u00b0 21 por el occidente del pa\u00eds"},"content":{"rendered":"\n<p>\u200eEl Instituto Nacional de Meteorolog\u00eda e Hidrolog\u00eda (Inameh), inform\u00f3 este martes que la onda tropical n\u00famero 21 transita por el occidente del pa\u00eds. Mientras que la onda n\u00famero 22 se desplaza sobre el Oc\u00e9ano Atl\u00e1ntico central Tropical, y la 23, al este de las islas de Cabo Verde.<br>\u200e<br>\u200eEl organismo se\u00f1al\u00f3 que durante la ma\u00f1ana persistir\u00e1 sobre buena parte del pa\u00eds cielo poco nubosidad de parcial a despejada; igualmente, se estiman algunas zonas nubladas asociadas a lluvias o chubascos y actividad el\u00e9ctrica ocasional, en zonas al oeste de Bol\u00edvar, Amazonas, T\u00e1chira, M\u00e9rida, Trujillo y Zulia.<br>\u200e<br>\u200ePor otra parte, se prev\u00e9 nubosidad con lloviznas en \u00e1reas de Sucre, este de Miranda y partes de Apure.<br>\u200e<br>\u200eEn horas de la tarde y noche, se anticipa formaci\u00f3n de c\u00e9lulas convectivas de evoluci\u00f3n r\u00e1pida, generando precipitaciones acompa\u00f1adas de descargas el\u00e9ctricas y eventuales r\u00e1fagas de viento, con mayor intensidad y frecuencia en zonas de la Guayana Esequiba, Bol\u00edvar, Amazonas, Llanos Occidentales, oeste de Gu\u00e1rico, Andes y Zulia; sin descartarse lluvias o chubascos de menor intensidad en Delta Amacuro, Sucre, este de Sucre, Aragua, Carabobo y Yaracuy.<\/p>\n","protected":false},"excerpt":{"rendered":"<p>\u200eEl Instituto Nacional de Meteorolog\u00eda e Hidrolog\u00eda (Inameh), inform\u00f3 este martes que la onda tropical n\u00famero 21 transita por el occidente del pa\u00eds. Mientras que la onda n\u00famero 22 se desplaza sobre el Oc\u00e9ano Atl\u00e1ntico central Tropical, y la 23, al este de las islas de Cabo Verde.\u200e\u200eEl organismo se\u00f1al\u00f3 que durante la ma\u00f1ana persistir\u00e1 [&hellip;]<\/p>\n","protected":false},"author":33,"featured_media":285397,"comment_status":"closed","ping_status":"closed","sticky":false,"template":"","format":"standard","meta":{"footnotes":""},"categories":[9],"tags":[2171,105],"class_list":{"0":"post-285396","1":"post","2":"type-post","3":"status-publish","4":"format-standard","5":"has-post-thumbnail","7":"category-nacionales","8":"tag-onda-tropical","9":"tag-venezuela"},"_links":{"self":[{"href":"https:\/\/elluchador.info\/index.php?rest_route=\/wp\/v2\/posts\/285396","targetHints":{"allow":["GET"]}}],"collection":[{"href":"https:\/\/elluchador.info\/index.php?rest_route=\/wp\/v2\/posts"}],"about":[{"href":"https:\/\/elluchador.info\/index.php?rest_route=\/wp\/v2\/types\/post"}],"author":[{"embeddable":true,"href":"https:\/\/elluchador.info\/index.php?rest_route=\/wp\/v2\/users\/33"}],"replies":[{"embeddable":true,"href":"https:\/\/elluchador.info\/index.php?rest_route=%2Fwp%2Fv2%2Fcomments&post=285396"}],"version-history":[{"count":1,"href":"https:\/\/elluchador.info\/index.php?rest_route=\/wp\/v2\/posts\/285396\/revisions"}],"predecessor-version":[{"id":285398,"href":"https:\/\/elluchador.info\/index.php?rest_route=\/wp\/v2\/posts\/285396\/revisions\/285398"}],"wp:featuredmedia":[{"embeddable":true,"href":"https:\/\/elluchador.info\/index.php?rest_route=\/wp\/v2\/media\/285397"}],"wp:attachment":[{"href":"https:\/\/elluchador.info\/index.php?rest_route=%2Fwp%2Fv2%2Fmedia&parent=285396"}],"wp:term":[{"taxonomy":"category","embeddable":true,"href":"https:\/\/elluchador.info\/index.php?rest_route=%2Fwp%2Fv2%2Fcategories&post=285396"},{"taxonomy":"post_tag","embeddable":true,"href":"https:\/\/elluchador.info\/index.php?rest_route=%2Fwp%2Fv2%2Ftags&post=285396"}],"curies":[{"name":"wp","href":"https:\/\/api.w.org\/{rel}","templated":true}]}}