{"id":285532,"date":"2025-07-30T10:17:14","date_gmt":"2025-07-30T14:17:14","guid":{"rendered":"https:\/\/elluchador.info\/?p=285532"},"modified":"2025-07-30T10:17:16","modified_gmt":"2025-07-30T14:17:16","slug":"cne-proclamo-a-yanny-alonzo-como-alcalde-del-municipio-caroni","status":"publish","type":"post","link":"https:\/\/elluchador.info\/?p=285532","title":{"rendered":"CNE proclam\u00f3 a Yanny Alonzo como alcalde del municipio Caron\u00ed"},"content":{"rendered":"\n<p>En un acto popular, siendo las comunidades, testigos y protagonistas, el alcalde electo para el municipio Caron\u00ed, Yanny Alonzo, recibi\u00f3 la credencial para asumir oficialmente el cargo de jefe municipal para el periodo 2.025-2.029.<\/p>\n\n\n\n<p>La acreditaci\u00f3n por parte de las juntas parroquiales fue efectuada en el CNE municipal y encabezada por el presidente de la Junta Electoral de este organismo, Viunis Mart\u00ednez, junto al coordinador municipal del ente, Jos\u00e9 Alberto Charles Rivas.<\/p>\n\n\n\n<p>De igual manera, el \u00f3rgano comicial entreg\u00f3 las cartas credenciales a los concejales a la C\u00e1mara Municipal de Caron\u00ed, 13 principales y sus respectivos suplentes.<\/p>\n\n\n\n<p>Yanny Alonzo obtuvo la victoria para dirigir la Alcald\u00eda Bolivariana de Caron\u00ed el pasado 27 de julio en las elecciones municipales, con 77.058 votos, equivalentes al 86.3%.<\/p>\n\n\n<div class=\"wp-block-image\">\n<figure class=\"aligncenter size-large is-resized\"><img loading=\"lazy\" decoding=\"async\" width=\"1024\" height=\"684\" src=\"https:\/\/elluchador.info\/wp-content\/uploads\/2025\/07\/1000734726-1024x684.jpg\" alt=\"\" class=\"wp-image-285533\" style=\"width:674px;height:auto\" srcset=\"https:\/\/elluchador.info\/wp-content\/uploads\/2025\/07\/1000734726-1024x684.jpg 1024w, https:\/\/elluchador.info\/wp-content\/uploads\/2025\/07\/1000734726-300x200.jpg 300w, https:\/\/elluchador.info\/wp-content\/uploads\/2025\/07\/1000734726-768x513.jpg 768w, https:\/\/elluchador.info\/wp-content\/uploads\/2025\/07\/1000734726-1536x1026.jpg 1536w, https:\/\/elluchador.info\/wp-content\/uploads\/2025\/07\/1000734726-2048x1368.jpg 2048w, https:\/\/elluchador.info\/wp-content\/uploads\/2025\/07\/1000734726-150x100.jpg 150w, https:\/\/elluchador.info\/wp-content\/uploads\/2025\/07\/1000734726-696x465.jpg 696w, https:\/\/elluchador.info\/wp-content\/uploads\/2025\/07\/1000734726-1068x713.jpg 1068w, https:\/\/elluchador.info\/wp-content\/uploads\/2025\/07\/1000734726-1920x1283.jpg 1920w\" sizes=\"auto, (max-width: 1024px) 100vw, 1024px\" \/><\/figure>\n<\/div>\n\n\n<p>El acto de proclamaci\u00f3n cont\u00f3 con la presencia de la gobernadora del estado Bol\u00edvar, Yulisbeth Garc\u00eda, diputados a la Asamblea Nacional, el presidente del Consejo Legislativo del estado Bol\u00edvar, Lisbenio Mu\u00f1oz, dem\u00e1s legisladores, y jefes del Comando de Campa\u00f1a Ven25+, M\/G Santiago Infante y Nancy Ascencio.<\/p>\n\n\n\n<p>Yanny Alonzo, quien acudi\u00f3 acompa\u00f1ado de su esposa y familia, manifest\u00f3 su satisfacci\u00f3n y plena disposici\u00f3n hacia la nueva misi\u00f3n encomendada por el pueblo de Ciudad Guayana.<\/p>\n\n\n\n<p>\u00abEs un d\u00eda hermoso, de mucha emoci\u00f3n y significado para la Revoluci\u00f3n Bolivariana para los militantes de a pie, hombres y mujeres que estamos recibiendo nuestro credencial, lo cual representa un gran compromiso\u00bb.<\/p>\n\n\n<div class=\"wp-block-image\">\n<figure class=\"aligncenter size-large is-resized\"><img loading=\"lazy\" decoding=\"async\" width=\"1024\" height=\"684\" src=\"https:\/\/elluchador.info\/wp-content\/uploads\/2025\/07\/1000734724-1024x684.jpg\" alt=\"\" class=\"wp-image-285534\" style=\"width:632px;height:auto\" srcset=\"https:\/\/elluchador.info\/wp-content\/uploads\/2025\/07\/1000734724-1024x684.jpg 1024w, https:\/\/elluchador.info\/wp-content\/uploads\/2025\/07\/1000734724-300x200.jpg 300w, https:\/\/elluchador.info\/wp-content\/uploads\/2025\/07\/1000734724-768x513.jpg 768w, https:\/\/elluchador.info\/wp-content\/uploads\/2025\/07\/1000734724-1536x1026.jpg 1536w, https:\/\/elluchador.info\/wp-content\/uploads\/2025\/07\/1000734724-2048x1368.jpg 2048w, https:\/\/elluchador.info\/wp-content\/uploads\/2025\/07\/1000734724-150x100.jpg 150w, https:\/\/elluchador.info\/wp-content\/uploads\/2025\/07\/1000734724-696x465.jpg 696w, https:\/\/elluchador.info\/wp-content\/uploads\/2025\/07\/1000734724-1068x713.jpg 1068w, https:\/\/elluchador.info\/wp-content\/uploads\/2025\/07\/1000734724-1920x1283.jpg 1920w\" sizes=\"auto, (max-width: 1024px) 100vw, 1024px\" \/><\/figure>\n<\/div>\n\n\n<p>Agradeci\u00f3 a todo el pueblo revolucionario de Caron\u00ed que mediante el voto le ha depositado su confianza para una transformaci\u00f3n \u00abreal\u00bb del municipio, lo cual har\u00e1 al lado de la gobernadora del estado Bol\u00edvar.<\/p>\n\n\n\n<p>\u00abSi algo nos pide nuestro pueblo es uni\u00f3n, ya est\u00e1 cansado del sectarismo, lo que nos pide son soluciones, y hoy nosotros somos los art\u00edfices para materializar todas esas propuestas que tienen reflejadas en las Agendas Concretas de Acci\u00f3n. Tenemos una responsabilidad inmensa, y yo en lo particular agradezco a Dios por darme la oportunidad de poder dirigir un municipio importante como Caron\u00ed y la confianza que me da su pueblo\u00bb.<\/p>\n\n\n\n<p>Reafirm\u00f3 que el camino est\u00e1 trazado, \u00abtenemos la ley de las Transformaciones, las 5 l\u00edneas hist\u00f3ricas y el Plan Caron\u00ed 2.025-2.029, que lo construimos con las comunidades, tenemos todo para reivindicar la esperanza de nuestro pueblo\u00bb.<\/p>\n\n\n<div class=\"wp-block-image\">\n<figure class=\"aligncenter size-large is-resized\"><img loading=\"lazy\" decoding=\"async\" width=\"1024\" height=\"684\" src=\"https:\/\/elluchador.info\/wp-content\/uploads\/2025\/07\/1000734728-1024x684.jpg\" alt=\"\" class=\"wp-image-285535\" style=\"width:609px;height:auto\" srcset=\"https:\/\/elluchador.info\/wp-content\/uploads\/2025\/07\/1000734728-1024x684.jpg 1024w, https:\/\/elluchador.info\/wp-content\/uploads\/2025\/07\/1000734728-300x200.jpg 300w, https:\/\/elluchador.info\/wp-content\/uploads\/2025\/07\/1000734728-768x513.jpg 768w, https:\/\/elluchador.info\/wp-content\/uploads\/2025\/07\/1000734728-1536x1026.jpg 1536w, https:\/\/elluchador.info\/wp-content\/uploads\/2025\/07\/1000734728-2048x1368.jpg 2048w, https:\/\/elluchador.info\/wp-content\/uploads\/2025\/07\/1000734728-150x100.jpg 150w, https:\/\/elluchador.info\/wp-content\/uploads\/2025\/07\/1000734728-696x465.jpg 696w, https:\/\/elluchador.info\/wp-content\/uploads\/2025\/07\/1000734728-1068x713.jpg 1068w, https:\/\/elluchador.info\/wp-content\/uploads\/2025\/07\/1000734728-1920x1283.jpg 1920w\" sizes=\"auto, (max-width: 1024px) 100vw, 1024px\" \/><\/figure>\n<\/div>\n\n\n<p>La gobernadora del estado Bol\u00edvar, por su parte, reiter\u00f3 su plena confianza en Alonzo y los nuevos concejales para cambiar lo que amerite ser cambiado, \u00abya no queda m\u00e1s discurso, queda trabajar, transformar y vernos todos juntos en cada territorio\u00bb.<\/p>\n\n\n<div class=\"wp-block-image\">\n<figure class=\"aligncenter size-large is-resized\"><img loading=\"lazy\" decoding=\"async\" width=\"1024\" height=\"684\" src=\"https:\/\/elluchador.info\/wp-content\/uploads\/2025\/07\/1000734727-1024x684.jpg\" alt=\"\" class=\"wp-image-285536\" style=\"width:612px;height:auto\" srcset=\"https:\/\/elluchador.info\/wp-content\/uploads\/2025\/07\/1000734727-1024x684.jpg 1024w, https:\/\/elluchador.info\/wp-content\/uploads\/2025\/07\/1000734727-300x200.jpg 300w, https:\/\/elluchador.info\/wp-content\/uploads\/2025\/07\/1000734727-768x513.jpg 768w, https:\/\/elluchador.info\/wp-content\/uploads\/2025\/07\/1000734727-1536x1026.jpg 1536w, https:\/\/elluchador.info\/wp-content\/uploads\/2025\/07\/1000734727-2048x1368.jpg 2048w, https:\/\/elluchador.info\/wp-content\/uploads\/2025\/07\/1000734727-150x100.jpg 150w, https:\/\/elluchador.info\/wp-content\/uploads\/2025\/07\/1000734727-696x465.jpg 696w, https:\/\/elluchador.info\/wp-content\/uploads\/2025\/07\/1000734727-1068x713.jpg 1068w, https:\/\/elluchador.info\/wp-content\/uploads\/2025\/07\/1000734727-1920x1283.jpg 1920w\" sizes=\"auto, (max-width: 1024px) 100vw, 1024px\" \/><\/figure>\n<\/div>\n\n\n<p>Subray\u00f3 la gran responsabilidad para direccionar a nivel regional y municipal las pol\u00edticas del presidente Nicol\u00e1s Maduro y proyectar el futuro en una generaci\u00f3n de relevo, en este caso bien representada por Yanny Alonzo, un joven que se ha fogueado al calor del pueblo.<\/p>\n\n\n\n<p>\u00abEstoy contenta, somos los iguales, los mismos, siento que vamos a transformar muchas cosas en el marco de la unidad, del amor, el respeto, la disciplina y del reconocimiento, agarrados de la mano de Dios y del presidente Nicol\u00e1s Maduro\u00bb, afirm\u00f3 Yulisbeth Garc\u00eda.<\/p>\n\n\n\n<p><strong><mark style=\"background-color:rgba(0, 0, 0, 0)\" class=\"has-inline-color has-vivid-red-color\">Prensa Alcald\u00eda de Caron\u00ed<\/mark><\/strong><\/p>\n","protected":false},"excerpt":{"rendered":"<p>En un acto popular, siendo las comunidades, testigos y protagonistas, el alcalde electo para el municipio Caron\u00ed, Yanny Alonzo, recibi\u00f3 la credencial para asumir oficialmente el cargo de jefe municipal para el periodo 2.025-2.029. La acreditaci\u00f3n por parte de las juntas parroquiales fue efectuada en el CNE municipal y encabezada por el presidente de la [&hellip;]<\/p>\n","protected":false},"author":33,"featured_media":285537,"comment_status":"closed","ping_status":"closed","sticky":false,"template":"","format":"standard","meta":{"footnotes":""},"categories":[5,12],"tags":[1178,4473],"class_list":{"0":"post-285532","1":"post","2":"type-post","3":"status-publish","4":"format-standard","5":"has-post-thumbnail","7":"category-destacado","8":"category-regionales","9":"tag-ciudad-guayana","10":"tag-yanny-alonzo"},"_links":{"self":[{"href":"https:\/\/elluchador.info\/index.php?rest_route=\/wp\/v2\/posts\/285532","targetHints":{"allow":["GET"]}}],"collection":[{"href":"https:\/\/elluchador.info\/index.php?rest_route=\/wp\/v2\/posts"}],"about":[{"href":"https:\/\/elluchador.info\/index.php?rest_route=\/wp\/v2\/types\/post"}],"author":[{"embeddable":true,"href":"https:\/\/elluchador.info\/index.php?rest_route=\/wp\/v2\/users\/33"}],"replies":[{"embeddable":true,"href":"https:\/\/elluchador.info\/index.php?rest_route=%2Fwp%2Fv2%2Fcomments&post=285532"}],"version-history":[{"count":1,"href":"https:\/\/elluchador.info\/index.php?rest_route=\/wp\/v2\/posts\/285532\/revisions"}],"predecessor-version":[{"id":285538,"href":"https:\/\/elluchador.info\/index.php?rest_route=\/wp\/v2\/posts\/285532\/revisions\/285538"}],"wp:featuredmedia":[{"embeddable":true,"href":"https:\/\/elluchador.info\/index.php?rest_route=\/wp\/v2\/media\/285537"}],"wp:attachment":[{"href":"https:\/\/elluchador.info\/index.php?rest_route=%2Fwp%2Fv2%2Fmedia&parent=285532"}],"wp:term":[{"taxonomy":"category","embeddable":true,"href":"https:\/\/elluchador.info\/index.php?rest_route=%2Fwp%2Fv2%2Fcategories&post=285532"},{"taxonomy":"post_tag","embeddable":true,"href":"https:\/\/elluchador.info\/index.php?rest_route=%2Fwp%2Fv2%2Ftags&post=285532"}],"curies":[{"name":"wp","href":"https:\/\/api.w.org\/{rel}","templated":true}]}}