{"id":285888,"date":"2025-08-03T09:02:51","date_gmt":"2025-08-03T13:02:51","guid":{"rendered":"https:\/\/elluchador.info\/?p=285888"},"modified":"2025-08-03T09:02:54","modified_gmt":"2025-08-03T13:02:54","slug":"venezuela-conmemora-219-anos-del-izamiento-de-la-bandera-nacional","status":"publish","type":"post","link":"https:\/\/elluchador.info\/?p=285888","title":{"rendered":"Venezuela conmemora 219 a\u00f1os del izamiento de la Bandera Nacional"},"content":{"rendered":"\n<p>Autoridades nacionales conmemoraron este domingo el D\u00eda de la Bandera Nacional, al cumplirse 219 a\u00f1os del izamiento del tricolor venezolano por el general Francisco de Miranda en la Vela de Coro, en el a\u00f1o 1806.<\/p>\n\n\n\n<p>El acto conmemorativo tuvo lugar en el Pante\u00f3n Nacional y fue presidido por el ministro de Energ\u00eda El\u00e9ctrica, Jorge M\u00e1rquez, acompa\u00f1ado por el comandante de la Guardia Nacional Bolivariana, Elio Estrada Paredes; el ministro para la Atenci\u00f3n de las Aguas, Carlos Mast Yustiz; el ministro del Poder Popular para el Servicio Penitenciario, Julio Garc\u00eda Zerpa; y el ministro de Educaci\u00f3n Universitaria, Ricardo S\u00e1nchez, entre otras autoridades y representantes del Poder Popular.<\/p>\n\n\n\n<p>Durante la ceremonia, los cadetes de la Universidad Militar Bolivariana de Venezuela, realizaron una sesi\u00f3n solemne, seguida del izamiento de la Bandera Nacional. Las autoridades presentes tambi\u00e9n firmaron el acta conmemorativa de la actividad.<\/p>\n\n\n\n<p>La fecha de celebraci\u00f3n del D\u00eda de la Bandera fue cambiada por el expresidente Hugo Ch\u00e1vez, para honrar a Miranda. Anteriormente, se celebraba el 12 de marzo, en conmemoraci\u00f3n del primer despliegue del pabell\u00f3n tricolor en la rada de Jacmel, Hait\u00ed.<\/p>\n\n\n\n<p>La bandera venezolana, a pesar de las modificaciones en el n\u00famero de estrellas o el dise\u00f1o del escudo, ha mantenido sus caracter\u00edsticos colores: amarillo en la parte superior, azul en el centro y rojo en la parte inferior. La franja azul cuenta con ocho estrellas blancas que simbolizan las provincias de Caracas, Cuman\u00e1, Barcelona, Barinas, Guayana, Margarita, M\u00e9rida y Trujillo, que firmaron el Acta de la Independencia.<\/p>\n\n\n\n<p>Con informaci\u00f3n de <strong>agencias<\/strong><\/p>\n","protected":false},"excerpt":{"rendered":"<p>Autoridades nacionales conmemoraron este domingo el D\u00eda de la Bandera Nacional, al cumplirse 219 a\u00f1os del izamiento del tricolor venezolano por el general Francisco de Miranda en la Vela de Coro, en el a\u00f1o 1806. El acto conmemorativo tuvo lugar en el Pante\u00f3n Nacional y fue presidido por el ministro de Energ\u00eda El\u00e9ctrica, Jorge M\u00e1rquez, [&hellip;]<\/p>\n","protected":false},"author":38,"featured_media":285889,"comment_status":"closed","ping_status":"closed","sticky":false,"template":"","format":"standard","meta":{"footnotes":""},"categories":[5,9],"tags":[105],"class_list":{"0":"post-285888","1":"post","2":"type-post","3":"status-publish","4":"format-standard","5":"has-post-thumbnail","7":"category-destacado","8":"category-nacionales","9":"tag-venezuela"},"_links":{"self":[{"href":"https:\/\/elluchador.info\/index.php?rest_route=\/wp\/v2\/posts\/285888","targetHints":{"allow":["GET"]}}],"collection":[{"href":"https:\/\/elluchador.info\/index.php?rest_route=\/wp\/v2\/posts"}],"about":[{"href":"https:\/\/elluchador.info\/index.php?rest_route=\/wp\/v2\/types\/post"}],"author":[{"embeddable":true,"href":"https:\/\/elluchador.info\/index.php?rest_route=\/wp\/v2\/users\/38"}],"replies":[{"embeddable":true,"href":"https:\/\/elluchador.info\/index.php?rest_route=%2Fwp%2Fv2%2Fcomments&post=285888"}],"version-history":[{"count":1,"href":"https:\/\/elluchador.info\/index.php?rest_route=\/wp\/v2\/posts\/285888\/revisions"}],"predecessor-version":[{"id":285890,"href":"https:\/\/elluchador.info\/index.php?rest_route=\/wp\/v2\/posts\/285888\/revisions\/285890"}],"wp:featuredmedia":[{"embeddable":true,"href":"https:\/\/elluchador.info\/index.php?rest_route=\/wp\/v2\/media\/285889"}],"wp:attachment":[{"href":"https:\/\/elluchador.info\/index.php?rest_route=%2Fwp%2Fv2%2Fmedia&parent=285888"}],"wp:term":[{"taxonomy":"category","embeddable":true,"href":"https:\/\/elluchador.info\/index.php?rest_route=%2Fwp%2Fv2%2Fcategories&post=285888"},{"taxonomy":"post_tag","embeddable":true,"href":"https:\/\/elluchador.info\/index.php?rest_route=%2Fwp%2Fv2%2Ftags&post=285888"}],"curies":[{"name":"wp","href":"https:\/\/api.w.org\/{rel}","templated":true}]}}