{"id":285903,"date":"2025-08-03T10:37:30","date_gmt":"2025-08-03T14:37:30","guid":{"rendered":"https:\/\/elluchador.info\/?p=285903"},"modified":"2025-08-03T10:37:34","modified_gmt":"2025-08-03T14:37:34","slug":"portugal-decreta-estado-de-alerta-debido-al-calor-extremo","status":"publish","type":"post","link":"https:\/\/elluchador.info\/?p=285903","title":{"rendered":"Portugal decreta estado de alerta debido al calor extremo"},"content":{"rendered":"\n<p>El Gobierno de Portugal ha declarado el estado de alerta en todo el territorio, una medida que estar\u00e1 vigente desde este domingo hasta el pr\u00f3ximo jueves.<\/p>\n\n\n\n<p>La decisi\u00f3n se tom\u00f3 en respuesta a la previsi\u00f3n de temperaturas extremadamente altas y un incremento significativo en el riesgo de incendios forestales en los pr\u00f3ximos d\u00edas.<\/p>\n\n\n\n<p>La ministra de Administraci\u00f3n Interna, Maria L\u00facia Amaral, anunci\u00f3 la medida en una rueda de prensa, se\u00f1alando que las condiciones clim\u00e1ticas actuales, que incluyen temperaturas elevadas y bajos niveles de humedad, hacen necesarias medidas preventivas y una respuesta coordinada.<\/p>\n\n\n\n<p>La ministra advirti\u00f3 que \u00abla pr\u00f3xima semana ser\u00e1 dif\u00edcil\u00bb, especialmente despu\u00e9s de una semana marcada por decenas de incendios en el centro y norte del pa\u00eds. Uno de estos fuegos, en Ponte da Barca, cerca de la frontera con Espa\u00f1a, ha permanecido activo durante una semana completa.<\/p>\n\n\n\n<p><strong>Restricciones y refuerzo de medios<\/strong><br>El decreto del estado de alerta conlleva una serie de prohibiciones y refuerzos operativos para mitigar los riesgos:<\/p>\n\n\n\n<ul class=\"wp-block-list\">\n<li>Prohibici\u00f3n de acceso a zonas forestales.<\/li>\n\n\n\n<li>Suspensi\u00f3n de quemas agr\u00edcolas y trabajos forestales que involucren maquinaria como desbrozadoras o trituradoras.<\/li>\n\n\n\n<li>Prohibici\u00f3n de fuegos artificiales y cualquier tipo de artefacto pirot\u00e9cnico.<\/li>\n\n\n\n<li>Refuerzo de la vigilancia por parte de las fuerzas de seguridad.<\/li>\n\n\n\n<li>Aumento en la movilizaci\u00f3n de equipos de emergencia y personal de apoyo m\u00e9dico.<\/li>\n<\/ul>\n\n\n\n<p>Adem\u00e1s, las Fuerzas Armadas pondr\u00e1n a disposici\u00f3n medios a\u00e9reos para apoyar en las zonas m\u00e1s afectadas, una acci\u00f3n que responde a las cr\u00edticas recientes sobre la falta de aeronaves para combatir los incendios en \u00e1reas de dif\u00edcil acceso por tierra.<\/p>\n\n\n\n<p>Con informaci\u00f3n de <strong>agencias<\/strong><\/p>\n","protected":false},"excerpt":{"rendered":"<p>El Gobierno de Portugal ha declarado el estado de alerta en todo el territorio, una medida que estar\u00e1 vigente desde este domingo hasta el pr\u00f3ximo jueves. La decisi\u00f3n se tom\u00f3 en respuesta a la previsi\u00f3n de temperaturas extremadamente altas y un incremento significativo en el riesgo de incendios forestales en los pr\u00f3ximos d\u00edas. La ministra [&hellip;]<\/p>\n","protected":false},"author":38,"featured_media":285904,"comment_status":"closed","ping_status":"closed","sticky":false,"template":"","format":"standard","meta":{"footnotes":""},"categories":[8],"tags":[448],"class_list":{"0":"post-285903","1":"post","2":"type-post","3":"status-publish","4":"format-standard","5":"has-post-thumbnail","7":"category-internacionales","8":"tag-mundo"},"_links":{"self":[{"href":"https:\/\/elluchador.info\/index.php?rest_route=\/wp\/v2\/posts\/285903","targetHints":{"allow":["GET"]}}],"collection":[{"href":"https:\/\/elluchador.info\/index.php?rest_route=\/wp\/v2\/posts"}],"about":[{"href":"https:\/\/elluchador.info\/index.php?rest_route=\/wp\/v2\/types\/post"}],"author":[{"embeddable":true,"href":"https:\/\/elluchador.info\/index.php?rest_route=\/wp\/v2\/users\/38"}],"replies":[{"embeddable":true,"href":"https:\/\/elluchador.info\/index.php?rest_route=%2Fwp%2Fv2%2Fcomments&post=285903"}],"version-history":[{"count":1,"href":"https:\/\/elluchador.info\/index.php?rest_route=\/wp\/v2\/posts\/285903\/revisions"}],"predecessor-version":[{"id":285905,"href":"https:\/\/elluchador.info\/index.php?rest_route=\/wp\/v2\/posts\/285903\/revisions\/285905"}],"wp:featuredmedia":[{"embeddable":true,"href":"https:\/\/elluchador.info\/index.php?rest_route=\/wp\/v2\/media\/285904"}],"wp:attachment":[{"href":"https:\/\/elluchador.info\/index.php?rest_route=%2Fwp%2Fv2%2Fmedia&parent=285903"}],"wp:term":[{"taxonomy":"category","embeddable":true,"href":"https:\/\/elluchador.info\/index.php?rest_route=%2Fwp%2Fv2%2Fcategories&post=285903"},{"taxonomy":"post_tag","embeddable":true,"href":"https:\/\/elluchador.info\/index.php?rest_route=%2Fwp%2Fv2%2Ftags&post=285903"}],"curies":[{"name":"wp","href":"https:\/\/api.w.org\/{rel}","templated":true}]}}