{"id":285930,"date":"2025-08-03T16:32:40","date_gmt":"2025-08-03T20:32:40","guid":{"rendered":"https:\/\/elluchador.info\/?p=285930"},"modified":"2025-08-03T16:32:43","modified_gmt":"2025-08-03T20:32:43","slug":"paramount-pictures-anuncio-el-lanzamiento-de-un-lugar-en-silencio-3","status":"publish","type":"post","link":"https:\/\/elluchador.info\/?p=285930","title":{"rendered":"Paramount Pictures anunci\u00f3 el lanzamiento de \u201cUn lugar en silencio 3\u201d"},"content":{"rendered":"\n<p>\u200eTras a\u00f1os de expectativas, Paramount Pictures confirm\u00f3 el lanzamiento de la tercera entrega de \u201cUn lugar en silencio\u201d, marcando el regreso triunfal de una saga que redefini\u00f3 el cine de suspenso y terror moderno.<br>\u200e<br>\u200ePrevista para abril de 2027, esta tercera parte se convierte en uno de los estrenos m\u00e1s esperados del pr\u00f3ximo a\u00f1o.<br>\u200e<br>\u200eBajo la direcci\u00f3n de Michael Sarnosk, reconocido por su sensibilidad atmosf\u00e9rica y narrativa en Pig, la franquicia se abre a nuevos territorios, personajes y dilemas que expanden el universo post-apocal\u00edptico iniciado por John Krasinski.<br>\u200e<br>\u200eSi bien Krasinski cede el tim\u00f3n director, se mantiene como productor ejecutivo, garantizando una continuidad emocional y estil\u00edstica con las entregas previas.<br>\u200e<br>\u200eEn esta nueva etapa, el mundo devastado por criaturas letales que cazan por sonido se expande m\u00e1s all\u00e1 de la familia Abbott.<br>\u200e<br>\u200eAunque los detalles del gui\u00f3n a\u00fan se mantienen en reserva, fuentes cercanas a la producci\u00f3n sugieren que \u201cUn lugar en silencio 3\u201d funcionar\u00e1 tanto como continuaci\u00f3n como spin-off, con posibilidades de introducir nuevas historias dentro de este inquietante universo cinematogr\u00e1fico.<br>\u200e<br>\u200eDe igual forma se rumora que el enfoque narrativo ser\u00e1 m\u00e1s complejo, con sobrevivientes diversos que intentan reconstruir sus propias versiones del silencio, enfrentando no solo a las criaturas, sino a otros peligros humanos que emergen en tiempos extremos.<br>\u200e<br>\u200eEs importante recordar que la saga comenz\u00f3 en el a\u00f1o 2018, con la primera pel\u00edcula dirigida y coescrita por Krasinski, que sorprendi\u00f3 al mundo con su audaz apuesta por el lenguaje visual y su tensi\u00f3n casi insoportable.<br>\u200e<br>\u200eUn lugar en silencio se convirti\u00f3 r\u00e1pidamente en un fen\u00f3meno cultural, m\u00e1s all\u00e1 del g\u00e9nero, apelando al instinto m\u00e1s b\u00e1sico de supervivencia.<br>\u200e<br>\u200eDos a\u00f1os despu\u00e9s, la secuela intensific\u00f3 esa propuesta mostrando un mundo m\u00e1s amplio y un silencio a\u00fan m\u00e1s fr\u00e1gil.<br>\u200e<br>\u200eEl uso del sonido como recurso narrativo, la complejidad del di\u00e1logo y la poderosa interpretaci\u00f3n de Emily Blunt se consolidaron a la franquicia como una alegr\u00eda del horror contempor\u00e1neo, combinando acci\u00f3n emocional y reflexi\u00f3n existencial.<br>\u200e<br>\u200eCon informaci\u00f3n <strong>NTT<\/strong><\/p>\n","protected":false},"excerpt":{"rendered":"<p>\u200eTras a\u00f1os de expectativas, Paramount Pictures confirm\u00f3 el lanzamiento de la tercera entrega de \u201cUn lugar en silencio\u201d, marcando el regreso triunfal de una saga que redefini\u00f3 el cine de suspenso y terror moderno.\u200e\u200ePrevista para abril de 2027, esta tercera parte se convierte en uno de los estrenos m\u00e1s esperados del pr\u00f3ximo a\u00f1o.\u200e\u200eBajo la direcci\u00f3n [&hellip;]<\/p>\n","protected":false},"author":33,"featured_media":285933,"comment_status":"closed","ping_status":"closed","sticky":false,"template":"","format":"standard","meta":{"footnotes":""},"categories":[7],"tags":[4741,1490,4740],"class_list":{"0":"post-285930","1":"post","2":"type-post","3":"status-publish","4":"format-standard","5":"has-post-thumbnail","7":"category-entretenimiento","8":"tag-filme-2026","9":"tag-tendencia","10":"tag-un-lugar-en-silencio-3"},"_links":{"self":[{"href":"https:\/\/elluchador.info\/index.php?rest_route=\/wp\/v2\/posts\/285930","targetHints":{"allow":["GET"]}}],"collection":[{"href":"https:\/\/elluchador.info\/index.php?rest_route=\/wp\/v2\/posts"}],"about":[{"href":"https:\/\/elluchador.info\/index.php?rest_route=\/wp\/v2\/types\/post"}],"author":[{"embeddable":true,"href":"https:\/\/elluchador.info\/index.php?rest_route=\/wp\/v2\/users\/33"}],"replies":[{"embeddable":true,"href":"https:\/\/elluchador.info\/index.php?rest_route=%2Fwp%2Fv2%2Fcomments&post=285930"}],"version-history":[{"count":2,"href":"https:\/\/elluchador.info\/index.php?rest_route=\/wp\/v2\/posts\/285930\/revisions"}],"predecessor-version":[{"id":285932,"href":"https:\/\/elluchador.info\/index.php?rest_route=\/wp\/v2\/posts\/285930\/revisions\/285932"}],"wp:featuredmedia":[{"embeddable":true,"href":"https:\/\/elluchador.info\/index.php?rest_route=\/wp\/v2\/media\/285933"}],"wp:attachment":[{"href":"https:\/\/elluchador.info\/index.php?rest_route=%2Fwp%2Fv2%2Fmedia&parent=285930"}],"wp:term":[{"taxonomy":"category","embeddable":true,"href":"https:\/\/elluchador.info\/index.php?rest_route=%2Fwp%2Fv2%2Fcategories&post=285930"},{"taxonomy":"post_tag","embeddable":true,"href":"https:\/\/elluchador.info\/index.php?rest_route=%2Fwp%2Fv2%2Ftags&post=285930"}],"curies":[{"name":"wp","href":"https:\/\/api.w.org\/{rel}","templated":true}]}}