{"id":286072,"date":"2025-08-04T19:37:33","date_gmt":"2025-08-04T23:37:33","guid":{"rendered":"https:\/\/elluchador.info\/?p=286072"},"modified":"2025-08-04T19:37:37","modified_gmt":"2025-08-04T23:37:37","slug":"maduro-anuncia-la-creacion-de-una-direccion-de-ciberdefensa","status":"publish","type":"post","link":"https:\/\/elluchador.info\/?p=286072","title":{"rendered":"Maduro anuncia la creaci\u00f3n de una direcci\u00f3n de ciberdefensa"},"content":{"rendered":"\n<p>\u200eEl presidente de la Rep\u00fablica, Nicol\u00e1s Maduro, anunci\u00f3 este lunes la creaci\u00f3n de una direcci\u00f3n de ciberdefensa como parte de un ciclo de transformaci\u00f3n de la Guardia Nacional Bolivariana (GNB) para combatir el ciberterrorismo y avanzar en el desarrollo de la \u00abcapacidad digital\u00bb.<br>\u200e<br>\u200e\u00abHoy vamos hacia nuevas transformaciones, nuevos cuerpos y organismos de trabajo para el combate al ciberterrorismo, al terrorismo, para el desarrollo de la capacidad digital, comunicacional de nuestra Guardia Nacional Bolivariana\u00bb, se\u00f1al\u00f3 Maduro en un acto transmitido por el canal Venezolana de Televisi\u00f3n (VTV).<br>\u200e<br>\u200eEl mandatario sostuvo que esta direcci\u00f3n est\u00e1 \u00abal m\u00e1s alto nivel cient\u00edfico\u00bb, sin ofrecer mayores detalles de su funcionamiento.<br>\u200e<br>\u200eAdem\u00e1s, anunci\u00f3 una nueva direcci\u00f3n contra el terrorismo, para profundizar la lucha contra estos actos, as\u00ed como el Comando Nacional de Guarder\u00eda Ambiental, el Comando Nacional de Seguridad y Auxilio Vial.<br>\u200e<br>\u200eTambi\u00e9n los comandos de zona de la GNB, bases de sanidad militar, puntos de apoyo log\u00edstico, brigadas de vigilancia costera y la creaci\u00f3n de 41 unidades para el desarrollo nacional de la Guardia del Pueblo y 51 nuevos destacamentos territoriales.<br>\u200e<br>\u200eCon informaci\u00f3n <strong><em>Globovisi\u00f3n<\/em><\/strong><\/p>\n","protected":false},"excerpt":{"rendered":"<p>\u200eEl presidente de la Rep\u00fablica, Nicol\u00e1s Maduro, anunci\u00f3 este lunes la creaci\u00f3n de una direcci\u00f3n de ciberdefensa como parte de un ciclo de transformaci\u00f3n de la Guardia Nacional Bolivariana (GNB) para combatir el ciberterrorismo y avanzar en el desarrollo de la \u00abcapacidad digital\u00bb.\u200e\u200e\u00abHoy vamos hacia nuevas transformaciones, nuevos cuerpos y organismos de trabajo para el [&hellip;]<\/p>\n","protected":false},"author":33,"featured_media":286073,"comment_status":"closed","ping_status":"closed","sticky":false,"template":"","format":"standard","meta":{"footnotes":""},"categories":[5,9],"tags":[4756,123,84],"class_list":{"0":"post-286072","1":"post","2":"type-post","3":"status-publish","4":"format-standard","5":"has-post-thumbnail","7":"category-destacado","8":"category-nacionales","9":"tag-creacion","10":"tag-gnb","11":"tag-maduro"},"_links":{"self":[{"href":"https:\/\/elluchador.info\/index.php?rest_route=\/wp\/v2\/posts\/286072","targetHints":{"allow":["GET"]}}],"collection":[{"href":"https:\/\/elluchador.info\/index.php?rest_route=\/wp\/v2\/posts"}],"about":[{"href":"https:\/\/elluchador.info\/index.php?rest_route=\/wp\/v2\/types\/post"}],"author":[{"embeddable":true,"href":"https:\/\/elluchador.info\/index.php?rest_route=\/wp\/v2\/users\/33"}],"replies":[{"embeddable":true,"href":"https:\/\/elluchador.info\/index.php?rest_route=%2Fwp%2Fv2%2Fcomments&post=286072"}],"version-history":[{"count":1,"href":"https:\/\/elluchador.info\/index.php?rest_route=\/wp\/v2\/posts\/286072\/revisions"}],"predecessor-version":[{"id":286074,"href":"https:\/\/elluchador.info\/index.php?rest_route=\/wp\/v2\/posts\/286072\/revisions\/286074"}],"wp:featuredmedia":[{"embeddable":true,"href":"https:\/\/elluchador.info\/index.php?rest_route=\/wp\/v2\/media\/286073"}],"wp:attachment":[{"href":"https:\/\/elluchador.info\/index.php?rest_route=%2Fwp%2Fv2%2Fmedia&parent=286072"}],"wp:term":[{"taxonomy":"category","embeddable":true,"href":"https:\/\/elluchador.info\/index.php?rest_route=%2Fwp%2Fv2%2Fcategories&post=286072"},{"taxonomy":"post_tag","embeddable":true,"href":"https:\/\/elluchador.info\/index.php?rest_route=%2Fwp%2Fv2%2Ftags&post=286072"}],"curies":[{"name":"wp","href":"https:\/\/api.w.org\/{rel}","templated":true}]}}