{"id":286075,"date":"2025-08-04T19:43:37","date_gmt":"2025-08-04T23:43:37","guid":{"rendered":"https:\/\/elluchador.info\/?p=286075"},"modified":"2025-08-04T19:43:46","modified_gmt":"2025-08-04T23:43:46","slug":"ordenan-prision-domiciliaria-a-expresidente-brasileno-jair-bolsonaro","status":"publish","type":"post","link":"https:\/\/elluchador.info\/?p=286075","title":{"rendered":"Ordenan prisi\u00f3n domiciliaria a expresidente brasile\u00f1o Jair Bolsonaro"},"content":{"rendered":"\n<p>El magistrado del Tribunal Supremo de Brasil Alexandre de Moraes, orden\u00f3 prisi\u00f3n domiciliaria para el expresidente de ese pa\u00eds, Jair Bolsonaro (2019-2023).<\/p>\n\n\n\n<p>La medida fue ordenada por incumplir algunas de las restricciones cautelares que se le hab\u00edan impuesto ante el riesgo de una fuga y en el marco del juicio que se le adelanta por golpismo.<\/p>\n\n\n\n<p>En marzo del presente a\u00f1o, el alto tribunal brasile\u00f1o dio luz verde para iniciar una investigaci\u00f3n a Bolsonaro bajo la imputaci\u00f3n de liderar una \u00aborganizaci\u00f3n criminal\u00bb que buscaba impedir que su sucesor izquierdista, Luiz In\u00e1cio Lula da Silva, asumiera el poder tras su victoria en las elecciones de 2022.<\/p>\n\n\n\n<p>En julio, la Corte Suprema de Brasil le impuso una tobillera electr\u00f3nica a Bolsonaro por el riesgo de que el expresidente huya al extranjero.<\/p>\n\n\n\n<p>Tambi\u00e9n se le acusa de obstrucci\u00f3n a la justicia por intentar instrumentalizar las sanciones estadounidenses contra el Brasil para condicionar el levantamiento de los derechos aduaneros estadounidenses al abandono de los procesos que se le segu\u00edan por intento de golpe de Estado.<\/p>\n\n\n\n<p>El expresidente solo podr\u00e1 ser visitado por sus familiares.<\/p>\n","protected":false},"excerpt":{"rendered":"<p>El magistrado del Tribunal Supremo de Brasil Alexandre de Moraes, orden\u00f3 prisi\u00f3n domiciliaria para el expresidente de ese pa\u00eds, Jair Bolsonaro (2019-2023). La medida fue ordenada por incumplir algunas de las restricciones cautelares que se le hab\u00edan impuesto ante el riesgo de una fuga y en el marco del juicio que se le adelanta por [&hellip;]<\/p>\n","protected":false},"author":33,"featured_media":286076,"comment_status":"closed","ping_status":"closed","sticky":false,"template":"","format":"standard","meta":{"footnotes":""},"categories":[8],"tags":[3035,2489],"class_list":{"0":"post-286075","1":"post","2":"type-post","3":"status-publish","4":"format-standard","5":"has-post-thumbnail","7":"category-internacionales","8":"tag-bolsonaro","9":"tag-prision"},"_links":{"self":[{"href":"https:\/\/elluchador.info\/index.php?rest_route=\/wp\/v2\/posts\/286075","targetHints":{"allow":["GET"]}}],"collection":[{"href":"https:\/\/elluchador.info\/index.php?rest_route=\/wp\/v2\/posts"}],"about":[{"href":"https:\/\/elluchador.info\/index.php?rest_route=\/wp\/v2\/types\/post"}],"author":[{"embeddable":true,"href":"https:\/\/elluchador.info\/index.php?rest_route=\/wp\/v2\/users\/33"}],"replies":[{"embeddable":true,"href":"https:\/\/elluchador.info\/index.php?rest_route=%2Fwp%2Fv2%2Fcomments&post=286075"}],"version-history":[{"count":1,"href":"https:\/\/elluchador.info\/index.php?rest_route=\/wp\/v2\/posts\/286075\/revisions"}],"predecessor-version":[{"id":286077,"href":"https:\/\/elluchador.info\/index.php?rest_route=\/wp\/v2\/posts\/286075\/revisions\/286077"}],"wp:featuredmedia":[{"embeddable":true,"href":"https:\/\/elluchador.info\/index.php?rest_route=\/wp\/v2\/media\/286076"}],"wp:attachment":[{"href":"https:\/\/elluchador.info\/index.php?rest_route=%2Fwp%2Fv2%2Fmedia&parent=286075"}],"wp:term":[{"taxonomy":"category","embeddable":true,"href":"https:\/\/elluchador.info\/index.php?rest_route=%2Fwp%2Fv2%2Fcategories&post=286075"},{"taxonomy":"post_tag","embeddable":true,"href":"https:\/\/elluchador.info\/index.php?rest_route=%2Fwp%2Fv2%2Ftags&post=286075"}],"curies":[{"name":"wp","href":"https:\/\/api.w.org\/{rel}","templated":true}]}}