{"id":286083,"date":"2025-08-05T07:19:39","date_gmt":"2025-08-05T11:19:39","guid":{"rendered":"https:\/\/elluchador.info\/?p=286083"},"modified":"2025-08-05T07:20:11","modified_gmt":"2025-08-05T11:20:11","slug":"inameh-preve-lloviznas-aisladas-en-varias-regiones-del-pais","status":"publish","type":"post","link":"https:\/\/elluchador.info\/?p=286083","title":{"rendered":"Inameh prev\u00e9 lloviznas aisladas en varias regiones del pa\u00eds"},"content":{"rendered":"\n<p>\u200eEl Instituto Nacional de Meteorolog\u00eda e Hidrolog\u00eda (Inameh), inform\u00f3 este martes se prev\u00e9n lloviznas aisladas en las primeras horas sobre zonas costeras de Anzo\u00e1tegui y Sucre, as\u00ed como en \u00e1reas monta\u00f1osas de la Regi\u00f3n Central (Miranda, Aragua y Distrito Capital).<br>\u200e<br>\u200eEn los estados Esequibo, Bol\u00edvar, Amazonas y sur del Zulia, la nubosidad ser\u00e1 mayormente densa desde temprano, con posibilidad de lluvias d\u00e9biles a moderadas.<br>\u200e<br>\u200ePara la tarde y noche de este martes ser\u00e1 la mayor actividad lluviosa. Se desarrollar\u00e1n chubascos y tormentas el\u00e9ctricas de moderada a fuerte intensidad de forma generalizada sobre Monagas, sur de Anzo\u00e1tegui y Sucre, as\u00ed como en Miranda, Aragua, Carabobo y Distrito Capital. <\/p>\n\n\n<div class=\"wp-block-image\">\n<figure class=\"aligncenter size-large is-resized\"><img loading=\"lazy\" decoding=\"async\" width=\"1024\" height=\"777\" src=\"https:\/\/elluchador.info\/wp-content\/uploads\/2025\/08\/Screenshot_20250805-071152-1024x777.jpg\" alt=\"\" class=\"wp-image-286084\" style=\"width:614px;height:auto\" srcset=\"https:\/\/elluchador.info\/wp-content\/uploads\/2025\/08\/Screenshot_20250805-071152-1024x777.jpg 1024w, https:\/\/elluchador.info\/wp-content\/uploads\/2025\/08\/Screenshot_20250805-071152-300x228.jpg 300w, https:\/\/elluchador.info\/wp-content\/uploads\/2025\/08\/Screenshot_20250805-071152-768x582.jpg 768w, https:\/\/elluchador.info\/wp-content\/uploads\/2025\/08\/Screenshot_20250805-071152-150x114.jpg 150w, https:\/\/elluchador.info\/wp-content\/uploads\/2025\/08\/Screenshot_20250805-071152-696x528.jpg 696w, https:\/\/elluchador.info\/wp-content\/uploads\/2025\/08\/Screenshot_20250805-071152-1068x810.jpg 1068w, https:\/\/elluchador.info\/wp-content\/uploads\/2025\/08\/Screenshot_20250805-071152.jpg 1080w\" sizes=\"auto, (max-width: 1024px) 100vw, 1024px\" \/><\/figure>\n<\/div>\n\n\n<p>\u200eLa actividad ser\u00e1 particularmente intensa en los Llanos (Gu\u00e1rico, Cojedes, Portuguesa, Barinas y Apure), Los Andes (T\u00e1chira, M\u00e9rida y Trujillo) y de manera muy fuerte y generalizada en la zona sur del pa\u00eds (Bol\u00edvar y Amazonas), donde las lluvias persistir\u00e1n incluso durante la noche.<br>\u200e<br>\u200eEn Zulia, Lara y Yaracuy tambi\u00e9n se esperan chubascos y tormentas, disminuyendo gradualmente hacia la noche.<br>\u200e<br>\u200eCon informaci\u00f3n <strong><em>\u00daR<\/em><\/strong><\/p>\n","protected":false},"excerpt":{"rendered":"<p>\u200eEl Instituto Nacional de Meteorolog\u00eda e Hidrolog\u00eda (Inameh), inform\u00f3 este martes se prev\u00e9n lloviznas aisladas en las primeras horas sobre zonas costeras de Anzo\u00e1tegui y Sucre, as\u00ed como en \u00e1reas monta\u00f1osas de la Regi\u00f3n Central (Miranda, Aragua y Distrito Capital).\u200e\u200eEn los estados Esequibo, Bol\u00edvar, Amazonas y sur del Zulia, la nubosidad ser\u00e1 mayormente densa desde [&hellip;]<\/p>\n","protected":false},"author":33,"featured_media":286085,"comment_status":"closed","ping_status":"closed","sticky":false,"template":"","format":"standard","meta":{"footnotes":""},"categories":[9],"tags":[180,107],"class_list":{"0":"post-286083","1":"post","2":"type-post","3":"status-publish","4":"format-standard","5":"has-post-thumbnail","7":"category-nacionales","8":"tag-clima","9":"tag-lluvias"},"_links":{"self":[{"href":"https:\/\/elluchador.info\/index.php?rest_route=\/wp\/v2\/posts\/286083","targetHints":{"allow":["GET"]}}],"collection":[{"href":"https:\/\/elluchador.info\/index.php?rest_route=\/wp\/v2\/posts"}],"about":[{"href":"https:\/\/elluchador.info\/index.php?rest_route=\/wp\/v2\/types\/post"}],"author":[{"embeddable":true,"href":"https:\/\/elluchador.info\/index.php?rest_route=\/wp\/v2\/users\/33"}],"replies":[{"embeddable":true,"href":"https:\/\/elluchador.info\/index.php?rest_route=%2Fwp%2Fv2%2Fcomments&post=286083"}],"version-history":[{"count":1,"href":"https:\/\/elluchador.info\/index.php?rest_route=\/wp\/v2\/posts\/286083\/revisions"}],"predecessor-version":[{"id":286086,"href":"https:\/\/elluchador.info\/index.php?rest_route=\/wp\/v2\/posts\/286083\/revisions\/286086"}],"wp:featuredmedia":[{"embeddable":true,"href":"https:\/\/elluchador.info\/index.php?rest_route=\/wp\/v2\/media\/286085"}],"wp:attachment":[{"href":"https:\/\/elluchador.info\/index.php?rest_route=%2Fwp%2Fv2%2Fmedia&parent=286083"}],"wp:term":[{"taxonomy":"category","embeddable":true,"href":"https:\/\/elluchador.info\/index.php?rest_route=%2Fwp%2Fv2%2Fcategories&post=286083"},{"taxonomy":"post_tag","embeddable":true,"href":"https:\/\/elluchador.info\/index.php?rest_route=%2Fwp%2Fv2%2Ftags&post=286083"}],"curies":[{"name":"wp","href":"https:\/\/api.w.org\/{rel}","templated":true}]}}