{"id":286087,"date":"2025-08-05T07:26:06","date_gmt":"2025-08-05T11:26:06","guid":{"rendered":"https:\/\/elluchador.info\/?p=286087"},"modified":"2025-08-05T07:26:11","modified_gmt":"2025-08-05T11:26:11","slug":"israel-toma-la-decision-de-ocupar-toda-la-franja-de-gaza","status":"publish","type":"post","link":"https:\/\/elluchador.info\/?p=286087","title":{"rendered":"Israel toma la decisi\u00f3n de ocupar toda la Franja de Gaza"},"content":{"rendered":"\n<p>\u200eIsrael ha decidido llevar a cabo la ocupaci\u00f3n completa de la Franja de Gaza para evitar que el enclave permanezca bajo el control de Ham\u00e1s, seg\u00fan afirmaron altos funcionarios de la oficina del primer ministro del pa\u00eds hebreo, Benjam\u00edn Netanyahu.<br>\u200e<br>\u200e\u00bbLa decisi\u00f3n ha sido tomada: Israel va a ocupar la Franja de Gaza\u00bb, report\u00f3 Channel 12 este lunes, citando a fuentes cuyos nombres no fueron mencionados. \u00abHam\u00e1s no liberar\u00e1 a m\u00e1s rehenes sin una rendici\u00f3n completa, y nosotros no nos rendiremos. Si no actuamos ahora, los rehenes morir\u00e1n de hambre y Gaza permanecer\u00e1 bajo el control de Ham\u00e1s\u00bb, declararon los funcionarios.<br>\u200e<br>\u200ePrecisa el medio que esa decisi\u00f3n significar\u00eda que el Ej\u00e9rcito israel\u00ed tambi\u00e9n atacar\u00e1 \u00e1reas en las que hab\u00eda evitado operar hasta ahora, incluidos los campamentos centrales, por temor a infligir da\u00f1o a los rehenes. Por su parte, el diputado Gilad Kariv, miembro de la Kn\u00e9set por el Partido Laborista, arremeti\u00f3 contra la medida, calific\u00e1ndola de \u00abacci\u00f3n destructiva\u00bb.<br>\u200e<br>\u200e\u00bbUna ocupaci\u00f3n total de la Franja es una sentencia de muerte para los rehenes vivos y un desastre de seguridad, humanitario y diplom\u00e1tico. El Gobierno de la desolaci\u00f3n carece de legitimidad p\u00fablica para esta acci\u00f3n, y de autoridad moral para convertir la guerra por el bot\u00edn en una guerra permanente.<br>\u200e<br>\u200eExhorto al jefe del Estado Mayor a que aclare su postura al respecto ante la opini\u00f3n p\u00fablica y a que dicte las reglas, si el Gobierno arrastra a las Fuerzas de Defensa de Israel (FDI) a esta acci\u00f3n destructiva\u00bb, denunci\u00f3.<br>\u200e<br>\u200eCon informaci\u00f3n <strong><em>Actualidad RT<\/em><\/strong><\/p>\n","protected":false},"excerpt":{"rendered":"<p>\u200eIsrael ha decidido llevar a cabo la ocupaci\u00f3n completa de la Franja de Gaza para evitar que el enclave permanezca bajo el control de Ham\u00e1s, seg\u00fan afirmaron altos funcionarios de la oficina del primer ministro del pa\u00eds hebreo, Benjam\u00edn Netanyahu.\u200e\u200e\u00bbLa decisi\u00f3n ha sido tomada: Israel va a ocupar la Franja de Gaza\u00bb, report\u00f3 Channel 12 [&hellip;]<\/p>\n","protected":false},"author":33,"featured_media":286088,"comment_status":"closed","ping_status":"closed","sticky":false,"template":"","format":"standard","meta":{"footnotes":""},"categories":[8],"tags":[2175,1725,1540,448,4758],"class_list":{"0":"post-286087","1":"post","2":"type-post","3":"status-publish","4":"format-standard","5":"has-post-thumbnail","7":"category-internacionales","8":"tag-conflictos","9":"tag-gaza","10":"tag-israel","11":"tag-mundo","12":"tag-ocupacion"},"_links":{"self":[{"href":"https:\/\/elluchador.info\/index.php?rest_route=\/wp\/v2\/posts\/286087","targetHints":{"allow":["GET"]}}],"collection":[{"href":"https:\/\/elluchador.info\/index.php?rest_route=\/wp\/v2\/posts"}],"about":[{"href":"https:\/\/elluchador.info\/index.php?rest_route=\/wp\/v2\/types\/post"}],"author":[{"embeddable":true,"href":"https:\/\/elluchador.info\/index.php?rest_route=\/wp\/v2\/users\/33"}],"replies":[{"embeddable":true,"href":"https:\/\/elluchador.info\/index.php?rest_route=%2Fwp%2Fv2%2Fcomments&post=286087"}],"version-history":[{"count":1,"href":"https:\/\/elluchador.info\/index.php?rest_route=\/wp\/v2\/posts\/286087\/revisions"}],"predecessor-version":[{"id":286089,"href":"https:\/\/elluchador.info\/index.php?rest_route=\/wp\/v2\/posts\/286087\/revisions\/286089"}],"wp:featuredmedia":[{"embeddable":true,"href":"https:\/\/elluchador.info\/index.php?rest_route=\/wp\/v2\/media\/286088"}],"wp:attachment":[{"href":"https:\/\/elluchador.info\/index.php?rest_route=%2Fwp%2Fv2%2Fmedia&parent=286087"}],"wp:term":[{"taxonomy":"category","embeddable":true,"href":"https:\/\/elluchador.info\/index.php?rest_route=%2Fwp%2Fv2%2Fcategories&post=286087"},{"taxonomy":"post_tag","embeddable":true,"href":"https:\/\/elluchador.info\/index.php?rest_route=%2Fwp%2Fv2%2Ftags&post=286087"}],"curies":[{"name":"wp","href":"https:\/\/api.w.org\/{rel}","templated":true}]}}