{"id":286190,"date":"2025-08-06T08:08:47","date_gmt":"2025-08-06T12:08:47","guid":{"rendered":"https:\/\/elluchador.info\/?p=286190"},"modified":"2025-08-06T08:09:18","modified_gmt":"2025-08-06T12:09:18","slug":"asocanaima-propone-revivir-a-ciudad-bolivar-como-punto-turistico","status":"publish","type":"post","link":"https:\/\/elluchador.info\/?p=286190","title":{"rendered":"Asocanaima propone \u201crevivir a Ciudad Bol\u00edvar como punto tur\u00edstico\u201d"},"content":{"rendered":"\n<p>\u200e\u00bbAsocanaima, una asociaci\u00f3n de empresarios y prestadores de servicios tur\u00edsticos en el estado Bol\u00edvar, ha decidido unirse al llamado para revivir a Ciudad Bol\u00edvar como destino.<br>\u200e<br>\u200eCon a\u00f1os de experiencia en el sector, esta asociaci\u00f3n busca innovar y ofrecer nuevas oportunidades para atraer a nuevos visitantes, a prop\u00f3sito de la voluntad expresada por el gobierno nacional y regional, que reimpulsa rutas a\u00e9reas a trav\u00e9s de Conviasa, precisamente con el lanzamiento de la ruta Puerto Ordaz, Santa Elena de Uair\u00e9n, Canaima.<br>\u200e<br>\u200eJavier Cubillos, vicepresidente de Asocanaima, nos recuerda la rentabilidad que en la d\u00e9cada de los 90 ten\u00eda esta ruta por el estado Bol\u00edvar: \u201cuna l\u00ednea a\u00e9rea hac\u00eda de lunes a lunes, un vuelo hacia Canaima, desde Ciudad Bol\u00edvar, ten\u00edamos a la ciudad llena de extranjeros permanentemente, hab\u00eda una din\u00e1mica econ\u00f3mica y social en torno a ese potencial que estamos en la obligaci\u00f3n de rescatar\u201d.<br>\u200e<br>\u200eComo operador tur\u00edstico, Cubillos, desde Asocanaima, plantea la necesidad de uni\u00f3n en el sector, \u201centre las c\u00e1maras, de turismo, el sector hotelero, touroperadores, las c\u00e1maras gastron\u00f3micas, a prop\u00f3sito de que est\u00e1 consolid\u00e1ndose la de Ciudad Bol\u00edvar y ya en Ciudad Guayana hay una conformada que acumula trayectoria, debemos seguir uniendo voluntades para echar a andar los proyectos de una ruta tur\u00edstica que involucre a Ciudad Bol\u00edvar, es posible y lo sabemos\u201d.<br>\u200e<br>\u200eEntre los planes que han dise\u00f1ado los asociados, se destaca la creaci\u00f3n de paquetes tur\u00edsticos hacia Canaima que incluyen todos los servicios y atenci\u00f3n especiales, pero con un precio muy atractivo: la mitad del costo real del viaje.<br>\u200e<br>\u200eAdem\u00e1s, ofrecen la posibilidad de pagar por cuotas para disfrutar del paquete, lo que hace que este extraordinario destino sea m\u00e1s accesible para todos.<br>\u200e<br>\u200eAl unir esfuerzos y voluntades, <em><strong>@asocanaimaecoturistica<\/strong><\/em> adem\u00e1s apuesta por posicionar a Ciudad Bol\u00edvar como destino tur\u00edstico atractivo y competitivo. \u201cEst\u00e1 demostrada su operatividad a\u00e9rea, estamos dispuestos a contribuir con las aerol\u00edneas para establecer juntos un plan que garantice la operatividad de la ruta, tomando en cuenta adem\u00e1s que desde Ciudad Bol\u00edvar hay al menos unos 50 pasajeros que necesitan viajar a Caracas diariamente\u201d.\u00a0<br>\u200e<br>\u200e<br><strong><em>\u200eMarilyn Luis<\/em><\/strong><\/p>\n","protected":false},"excerpt":{"rendered":"<p>\u200e\u00bbAsocanaima, una asociaci\u00f3n de empresarios y prestadores de servicios tur\u00edsticos en el estado Bol\u00edvar, ha decidido unirse al llamado para revivir a Ciudad Bol\u00edvar como destino.\u200e\u200eCon a\u00f1os de experiencia en el sector, esta asociaci\u00f3n busca innovar y ofrecer nuevas oportunidades para atraer a nuevos visitantes, a prop\u00f3sito de la voluntad expresada por el gobierno nacional [&hellip;]<\/p>\n","protected":false},"author":33,"featured_media":286191,"comment_status":"closed","ping_status":"closed","sticky":false,"template":"","format":"standard","meta":{"footnotes":""},"categories":[12],"tags":[2199,185,306,638],"class_list":{"0":"post-286190","1":"post","2":"type-post","3":"status-publish","4":"format-standard","5":"has-post-thumbnail","7":"category-regionales","8":"tag-asocanaima","9":"tag-bolivar","10":"tag-ciudad-bolivar","11":"tag-turismo"},"_links":{"self":[{"href":"https:\/\/elluchador.info\/index.php?rest_route=\/wp\/v2\/posts\/286190","targetHints":{"allow":["GET"]}}],"collection":[{"href":"https:\/\/elluchador.info\/index.php?rest_route=\/wp\/v2\/posts"}],"about":[{"href":"https:\/\/elluchador.info\/index.php?rest_route=\/wp\/v2\/types\/post"}],"author":[{"embeddable":true,"href":"https:\/\/elluchador.info\/index.php?rest_route=\/wp\/v2\/users\/33"}],"replies":[{"embeddable":true,"href":"https:\/\/elluchador.info\/index.php?rest_route=%2Fwp%2Fv2%2Fcomments&post=286190"}],"version-history":[{"count":1,"href":"https:\/\/elluchador.info\/index.php?rest_route=\/wp\/v2\/posts\/286190\/revisions"}],"predecessor-version":[{"id":286192,"href":"https:\/\/elluchador.info\/index.php?rest_route=\/wp\/v2\/posts\/286190\/revisions\/286192"}],"wp:featuredmedia":[{"embeddable":true,"href":"https:\/\/elluchador.info\/index.php?rest_route=\/wp\/v2\/media\/286191"}],"wp:attachment":[{"href":"https:\/\/elluchador.info\/index.php?rest_route=%2Fwp%2Fv2%2Fmedia&parent=286190"}],"wp:term":[{"taxonomy":"category","embeddable":true,"href":"https:\/\/elluchador.info\/index.php?rest_route=%2Fwp%2Fv2%2Fcategories&post=286190"},{"taxonomy":"post_tag","embeddable":true,"href":"https:\/\/elluchador.info\/index.php?rest_route=%2Fwp%2Fv2%2Ftags&post=286190"}],"curies":[{"name":"wp","href":"https:\/\/api.w.org\/{rel}","templated":true}]}}