{"id":286196,"date":"2025-08-06T10:22:31","date_gmt":"2025-08-06T14:22:31","guid":{"rendered":"https:\/\/elluchador.info\/?p=286196"},"modified":"2025-08-06T10:22:34","modified_gmt":"2025-08-06T14:22:34","slug":"cepal-proyecta-crecimiento-economico-del-2-en-venezuela-para-2025","status":"publish","type":"post","link":"https:\/\/elluchador.info\/?p=286196","title":{"rendered":"Cepal proyecta crecimiento econ\u00f3mico del 2% en Venezuela para 2025"},"content":{"rendered":"\n<p>\u200eLa Comisi\u00f3n Econ\u00f3mica para Am\u00e9rica Latina y el Caribe (Cepal), en una actualizaci\u00f3n de sus proyecciones de crecimiento econ\u00f3mico para la regi\u00f3n, indic\u00f3 que Venezuela tendr\u00e1 una expansi\u00f3n econ\u00f3mica del 2% para este a\u00f1o.<br>\u200e<br>\u200eEn el informe dado a conocer este martes, resalt\u00f3 que tambi\u00e9n pronostica esa cifra de crecimiento en el pa\u00eds caribe\u00f1o para el pr\u00f3ximo a\u00f1o.<br>\u200e<br>\u200eEn general, la Cepal prev\u00e9 que la econom\u00eda de la regi\u00f3n crezca 2,2% este a\u00f1o, a la vez que vaticina un repunte del 2,3% en el 2026.<br>\u200e<br>\u200e\u00abAm\u00e9rica Latina y el Caribe atraviesa en 2025 una nueva fase de desaceleraci\u00f3n econ\u00f3mica. Despu\u00e9s de un repunte en los primeros trimestres de 2024, el crecimiento del PIB regional perdi\u00f3 dinamismo hacia fines de ese a\u00f1o, y se espera que se modere del 2,3% registrado en 2024 al 2,2% en 2025\u2033, dijo la Cepal.<br>\u200e<br>\u200eEn Sudam\u00e9rica, el pa\u00eds que experimentar\u00e1 un mayor crecimiento este a\u00f1o ser\u00e1 Argentina con un 5%, seguido de Paraguay con un 4% y Per\u00fa con un 3,1%.<br>\u200e<br>\u200eA la cola de la tabla est\u00e1n Ecuador y Bolivia con un crecimiento de 1,5%, mientras que la naci\u00f3n que cuenta con la mayor proyecci\u00f3n de crecimiento es Guyana con 10%.<br>\u200e<br>\u200eCon informaci\u00f3n <strong><em>Sumarium<\/em><\/strong><\/p>\n","protected":false},"excerpt":{"rendered":"<p>\u200eLa Comisi\u00f3n Econ\u00f3mica para Am\u00e9rica Latina y el Caribe (Cepal), en una actualizaci\u00f3n de sus proyecciones de crecimiento econ\u00f3mico para la regi\u00f3n, indic\u00f3 que Venezuela tendr\u00e1 una expansi\u00f3n econ\u00f3mica del 2% para este a\u00f1o.\u200e\u200eEn el informe dado a conocer este martes, resalt\u00f3 que tambi\u00e9n pronostica esa cifra de crecimiento en el pa\u00eds caribe\u00f1o para el [&hellip;]<\/p>\n","protected":false},"author":33,"featured_media":286197,"comment_status":"closed","ping_status":"closed","sticky":false,"template":"","format":"standard","meta":{"footnotes":""},"categories":[5,6],"tags":[4767,105],"class_list":{"0":"post-286196","1":"post","2":"type-post","3":"status-publish","4":"format-standard","5":"has-post-thumbnail","7":"category-destacado","8":"category-economia","9":"tag-crecimiento-economico","10":"tag-venezuela"},"_links":{"self":[{"href":"https:\/\/elluchador.info\/index.php?rest_route=\/wp\/v2\/posts\/286196","targetHints":{"allow":["GET"]}}],"collection":[{"href":"https:\/\/elluchador.info\/index.php?rest_route=\/wp\/v2\/posts"}],"about":[{"href":"https:\/\/elluchador.info\/index.php?rest_route=\/wp\/v2\/types\/post"}],"author":[{"embeddable":true,"href":"https:\/\/elluchador.info\/index.php?rest_route=\/wp\/v2\/users\/33"}],"replies":[{"embeddable":true,"href":"https:\/\/elluchador.info\/index.php?rest_route=%2Fwp%2Fv2%2Fcomments&post=286196"}],"version-history":[{"count":1,"href":"https:\/\/elluchador.info\/index.php?rest_route=\/wp\/v2\/posts\/286196\/revisions"}],"predecessor-version":[{"id":286198,"href":"https:\/\/elluchador.info\/index.php?rest_route=\/wp\/v2\/posts\/286196\/revisions\/286198"}],"wp:featuredmedia":[{"embeddable":true,"href":"https:\/\/elluchador.info\/index.php?rest_route=\/wp\/v2\/media\/286197"}],"wp:attachment":[{"href":"https:\/\/elluchador.info\/index.php?rest_route=%2Fwp%2Fv2%2Fmedia&parent=286196"}],"wp:term":[{"taxonomy":"category","embeddable":true,"href":"https:\/\/elluchador.info\/index.php?rest_route=%2Fwp%2Fv2%2Fcategories&post=286196"},{"taxonomy":"post_tag","embeddable":true,"href":"https:\/\/elluchador.info\/index.php?rest_route=%2Fwp%2Fv2%2Ftags&post=286196"}],"curies":[{"name":"wp","href":"https:\/\/api.w.org\/{rel}","templated":true}]}}