{"id":286224,"date":"2025-08-06T15:40:59","date_gmt":"2025-08-06T19:40:59","guid":{"rendered":"https:\/\/elluchador.info\/?p=286224"},"modified":"2025-08-06T15:41:02","modified_gmt":"2025-08-06T19:41:02","slug":"ciudad-bolivar-celebro-con-fe-y-devocion-a-la-virgen-de-las-nieves","status":"publish","type":"post","link":"https:\/\/elluchador.info\/?p=286224","title":{"rendered":"Ciudad Bol\u00edvar celebr\u00f3 con fe y devoci\u00f3n a la Virgen de Las Nieves"},"content":{"rendered":"\n<p>En un acto de fe y devoci\u00f3n, los bolivarenses se congregaron en la Catedral Metropolitana de Ciudad Bol\u00edvar para participar en una emotiva misa en honor a la patrona de la ciudad, la Virgen de Las Nieves.<\/p>\n\n\n\n<p>El ambiente estuvo cargado de alegr\u00eda y esperanza, reflejando el esp\u00edritu de un pueblo que mantiene viva su fe y su compromiso con los valores de hermandad y paz.<\/p>\n\n\n\n<p>Durante la ceremonia, el alcalde del municipio Angostura del Orinoco, Sergio Hern\u00e1ndez, resalt\u00f3 la importancia de la festividad: \u201cEs un momento para la paz, la hermandad y la renovaci\u00f3n de la fe en este d\u00eda especial dedicado a nuestra patrona\u201d.<\/p>\n\n\n\n<p>Al finalizar la misa, los feligreses rindieron homenaje a la Virgen con una procesi\u00f3n que recorri\u00f3 las calles del Casco Hist\u00f3rico y el mirador Angostura, en la parroquia Catedral. Durante el trayecto, se elevaron oraciones por la paz y el bienestar del pueblo bolivarense, en un acto de profunda espiritualidad y uni\u00f3n comunitaria.<\/p>\n\n\n\n<p>Esta celebraci\u00f3n reafirma la tradici\u00f3n religiosa de Ciudad Bol\u00edvar y el compromiso de su gente con la fe y la esperanza, valores que fortalecen el tejido social de la comunidad.<\/p>\n\n\n\n<p><strong>Prensa Alcald\u00eda AO<\/strong><\/p>\n","protected":false},"excerpt":{"rendered":"<p>En un acto de fe y devoci\u00f3n, los bolivarenses se congregaron en la Catedral Metropolitana de Ciudad Bol\u00edvar para participar en una emotiva misa en honor a la patrona de la ciudad, la Virgen de Las Nieves. El ambiente estuvo cargado de alegr\u00eda y esperanza, reflejando el esp\u00edritu de un pueblo que mantiene viva su [&hellip;]<\/p>\n","protected":false},"author":33,"featured_media":286225,"comment_status":"closed","ping_status":"closed","sticky":false,"template":"","format":"standard","meta":{"footnotes":""},"categories":[20],"tags":[185,306],"class_list":{"0":"post-286224","1":"post","2":"type-post","3":"status-publish","4":"format-standard","5":"has-post-thumbnail","7":"category-municipal","8":"tag-bolivar","9":"tag-ciudad-bolivar"},"_links":{"self":[{"href":"https:\/\/elluchador.info\/index.php?rest_route=\/wp\/v2\/posts\/286224","targetHints":{"allow":["GET"]}}],"collection":[{"href":"https:\/\/elluchador.info\/index.php?rest_route=\/wp\/v2\/posts"}],"about":[{"href":"https:\/\/elluchador.info\/index.php?rest_route=\/wp\/v2\/types\/post"}],"author":[{"embeddable":true,"href":"https:\/\/elluchador.info\/index.php?rest_route=\/wp\/v2\/users\/33"}],"replies":[{"embeddable":true,"href":"https:\/\/elluchador.info\/index.php?rest_route=%2Fwp%2Fv2%2Fcomments&post=286224"}],"version-history":[{"count":1,"href":"https:\/\/elluchador.info\/index.php?rest_route=\/wp\/v2\/posts\/286224\/revisions"}],"predecessor-version":[{"id":286226,"href":"https:\/\/elluchador.info\/index.php?rest_route=\/wp\/v2\/posts\/286224\/revisions\/286226"}],"wp:featuredmedia":[{"embeddable":true,"href":"https:\/\/elluchador.info\/index.php?rest_route=\/wp\/v2\/media\/286225"}],"wp:attachment":[{"href":"https:\/\/elluchador.info\/index.php?rest_route=%2Fwp%2Fv2%2Fmedia&parent=286224"}],"wp:term":[{"taxonomy":"category","embeddable":true,"href":"https:\/\/elluchador.info\/index.php?rest_route=%2Fwp%2Fv2%2Fcategories&post=286224"},{"taxonomy":"post_tag","embeddable":true,"href":"https:\/\/elluchador.info\/index.php?rest_route=%2Fwp%2Fv2%2Ftags&post=286224"}],"curies":[{"name":"wp","href":"https:\/\/api.w.org\/{rel}","templated":true}]}}