{"id":286379,"date":"2025-08-08T09:20:00","date_gmt":"2025-08-08T13:20:00","guid":{"rendered":"https:\/\/elluchador.info\/?p=286379"},"modified":"2025-08-08T09:07:53","modified_gmt":"2025-08-08T13:07:53","slug":"familias-de-la-toma-afectadas-por-la-crecida-del-orinoco","status":"publish","type":"post","link":"https:\/\/elluchador.info\/?p=286379","title":{"rendered":"Familias de La Toma afectadas por la crecida del Orinoco"},"content":{"rendered":"\n<p>\u200eEste a\u00f1o, la crecida del r\u00edo Orinoco volvi\u00f3 a golpear con fuerza a la comunidad de La Toma, parroquia Catedral, en Ciudad Bol\u00edvar. A finales de julio, tras intensas lluvias, el r\u00edo se desbord\u00f3 e inund\u00f3 numerosas viviendas, obligando a decenas de familias a abandonar sus hogares.<br>\u200e<br>\u200eAl menos 60 familias resultaron damnificadas y permanecen refugiadas desde entonces en la escuela Alejandro Vargas, ubicada en el sector El Cambao. El equipo de El Luchador convers\u00f3 con algunos de los afectados, quienes relataron las dificultades que han atravesado.<br>\u200e<br><strong>\u200e\u201cDorm\u00edamos con el agua dentro de la casa\u201d<\/strong><br>\u200e<br>\u200eMayelin Camayaguan, una de las afectadas, cont\u00f3 que su familia pas\u00f3 hasta una semana durmiendo con el agua dentro de su vivienda, resisti\u00e9ndose a evacuar. \u201cDesde el 24 de julio el r\u00edo estaba subiendo, pero pensamos que no se iba a salir. El 28 o 29 ya era imposible quedarse. Este a\u00f1o s\u00ed fue fuerte, el r\u00edo est\u00e1 creciendo una barbaridad. No es normal\u201d, relat\u00f3.<br>\u200e<br>\u200eCompar\u00f3 la situaci\u00f3n con la crecida de 2018, que aunque tambi\u00e9n fue grave, no lleg\u00f3 a inundar su casa como ahora. \u201cEn 2018 no se nos meti\u00f3 el agua directamente, pero s\u00ed afect\u00f3 a otros vecinos. Ahora veo que tambi\u00e9n est\u00e1n afectados en Caicara y hasta en Barinas\u201d, expres\u00f3.<br>\u200e<br>\u200eCamayaguan, de fe cristiana, lament\u00f3 las p\u00e9rdidas materiales: \u201cSacamos lo que pudimos, como la nevera, pero se da\u00f1\u00f3. Ya no congela\u201d. Cont\u00f3 adem\u00e1s que su hijo de 10 a\u00f1os se enferm\u00f3 tras permanecer varios d\u00edas en condiciones insalubres, lo que finalmente los motiv\u00f3 a evacuar, gracias al apoyo de una vecina de El Cambao que les ayud\u00f3 a llegar al refugio.<br>\u200e<br>\u200eCon resignaci\u00f3n, expres\u00f3 su disposici\u00f3n a abandonar definitivamente la zona si las autoridades ofrecen una reubicaci\u00f3n. \u201cSi me ofrecen irme, me voy con los ojos cerrados. Espero una respuesta de las autoridades\u201d, dijo.<br>\u200e<br><strong>\u200e\u201cNo quiero vivir esta vida m\u00e1s\u201d<\/strong><br>\u200e<br>\u200eJos\u00e9 Ortega, de 70 a\u00f1os, tambi\u00e9n tuvo que dejar su vivienda, pero no antes de pasar dos semanas con los pies en el agua, por temor a los robos. \u201cEste a\u00f1o es peor que el de 2018. Por no querer dejar la casa sola, ahora tengo neuritis. Logr\u00e9 sacar el colch\u00f3n, la nevera y una cama, pero lo dem\u00e1s sigue all\u00e1. Ya ni he ido a ver, porque est\u00e1 muy hondo\u201d, relat\u00f3.<br>\u200e<br>\u200ePara Ortega, esta podr\u00eda ser la \u00faltima vez. \u201cSi me reubican, no vuelvo m\u00e1s. Estoy cansado de esto. Es una zozobra, de aqu\u00ed para all\u00e1. A mi edad ya deber\u00eda estar tranquilo\u201d, afirm\u00f3 con firmeza.<br>\u200e<br><strong>\u200eNi\u00f1os damnificados, familias a la espera <\/strong><\/p>\n\n\n\n<p>\u200eLeonela \u00c1lvarez, madre de tres ni\u00f1os de 3, 5 y 9 a\u00f1os, tambi\u00e9n fue evacuada tras el ingreso del agua en su vivienda. \u201cEsto es un proceso fuerte. Ya lo vivimos en 2018 y ahora se repite. Los que m\u00e1s sufren son los ni\u00f1os, de refugio en refugio. Estuve dos d\u00edas en la casa cuando ya el agua se filtraba. Protecci\u00f3n Civil nos recomend\u00f3 salir\u201d, explic\u00f3.<br>\u200e<br>\u200eAgradeci\u00f3 que la Alcald\u00eda les ofreciera refugio, pero espera que la atenci\u00f3n no se limite solo al albergue temporal. \u201cOjal\u00e1 nos ayuden de la mejor manera posible. Somos muchos en esta situaci\u00f3n, esperando soluciones\u201d, dijo.<br>\u200e<br>\u200e<br><strong>\u200eYanitza Mart\u00ednez<\/strong><\/p>\n","protected":false},"excerpt":{"rendered":"<p>\u200eEste a\u00f1o, la crecida del r\u00edo Orinoco volvi\u00f3 a golpear con fuerza a la comunidad de La Toma, parroquia Catedral, en Ciudad Bol\u00edvar. A finales de julio, tras intensas lluvias, el r\u00edo se desbord\u00f3 e inund\u00f3 numerosas viviendas, obligando a decenas de familias a abandonar sus hogares.\u200e\u200eAl menos 60 familias resultaron damnificadas y permanecen refugiadas [&hellip;]<\/p>\n","protected":false},"author":33,"featured_media":286380,"comment_status":"closed","ping_status":"closed","sticky":false,"template":"","format":"standard","meta":{"footnotes":""},"categories":[2,5],"tags":[185,306],"class_list":{"0":"post-286379","1":"post","2":"type-post","3":"status-publish","4":"format-standard","5":"has-post-thumbnail","7":"category-comunidad","8":"category-destacado","9":"tag-bolivar","10":"tag-ciudad-bolivar"},"_links":{"self":[{"href":"https:\/\/elluchador.info\/index.php?rest_route=\/wp\/v2\/posts\/286379","targetHints":{"allow":["GET"]}}],"collection":[{"href":"https:\/\/elluchador.info\/index.php?rest_route=\/wp\/v2\/posts"}],"about":[{"href":"https:\/\/elluchador.info\/index.php?rest_route=\/wp\/v2\/types\/post"}],"author":[{"embeddable":true,"href":"https:\/\/elluchador.info\/index.php?rest_route=\/wp\/v2\/users\/33"}],"replies":[{"embeddable":true,"href":"https:\/\/elluchador.info\/index.php?rest_route=%2Fwp%2Fv2%2Fcomments&post=286379"}],"version-history":[{"count":1,"href":"https:\/\/elluchador.info\/index.php?rest_route=\/wp\/v2\/posts\/286379\/revisions"}],"predecessor-version":[{"id":286381,"href":"https:\/\/elluchador.info\/index.php?rest_route=\/wp\/v2\/posts\/286379\/revisions\/286381"}],"wp:featuredmedia":[{"embeddable":true,"href":"https:\/\/elluchador.info\/index.php?rest_route=\/wp\/v2\/media\/286380"}],"wp:attachment":[{"href":"https:\/\/elluchador.info\/index.php?rest_route=%2Fwp%2Fv2%2Fmedia&parent=286379"}],"wp:term":[{"taxonomy":"category","embeddable":true,"href":"https:\/\/elluchador.info\/index.php?rest_route=%2Fwp%2Fv2%2Fcategories&post=286379"},{"taxonomy":"post_tag","embeddable":true,"href":"https:\/\/elluchador.info\/index.php?rest_route=%2Fwp%2Fv2%2Ftags&post=286379"}],"curies":[{"name":"wp","href":"https:\/\/api.w.org\/{rel}","templated":true}]}}