{"id":286704,"date":"2025-08-11T12:22:21","date_gmt":"2025-08-11T16:22:21","guid":{"rendered":"https:\/\/elluchador.info\/?p=286704"},"modified":"2025-08-11T12:22:25","modified_gmt":"2025-08-11T16:22:25","slug":"trump-ordena-despliegue-de-la-guardia-nacional-en-washington-d-c-y-deja-bajo-control-federal-a-la-policia-local","status":"publish","type":"post","link":"https:\/\/elluchador.info\/?p=286704","title":{"rendered":"Trump ordena despliegue de la Guardia Nacional en Washington D.C. y deja bajo control federal a la Polic\u00eda local"},"content":{"rendered":"\n<p>El presidente Donald Trump anunci\u00f3 este lunes una \u00abliberaci\u00f3n\u00bb de Washington D.C., prometiendo restaurar la ley y el orden en la capital del pa\u00eds. El mandatario inform\u00f3 que pondr\u00e1 al Departamento de Polic\u00eda de Washington D.C. bajo control federal y desplegar\u00e1 a la Guardia Nacional para reforzar la seguridad.<\/p>\n\n\n\n<p>\u00abEstoy desplegando la Guardia Nacional para ayudar a restablecer la ley, el orden y la seguridad p\u00fablica en Washington, D. C.\u00bb, declar\u00f3 el presidente Trump desde la Casa Blanca. \u00abNuestra capital ha sido tomada por bandas violentas y criminales sanguinarios\u00bb.<\/p>\n\n\n\n<p>Rodeado de altos funcionarios de su gobierno, incluyendo al secretario de Defensa, Pete Hegseth, y a la fiscal general, Pam Bondi, el presidente detall\u00f3 que el despliegue inicial constar\u00e1 de 800 efectivos de la Guardia Nacional. Estos efectivos apoyar\u00e1n a las fuerzas del orden locales y federales en lo que describi\u00f3 como un \u00abesfuerzo realmente grande\u00bb.<\/p>\n\n\n\n<p>\u00abEl Departamento de Polic\u00eda Metropolitana y las autoridades federales recibir\u00e1n apoyo en este esfuerzo con los 800 efectivos de la Guardia Nacional de D.C. que desplegaremos. Y muchos m\u00e1s, si es necesario, muchos m\u00e1s\u00bb, a\u00f1adi\u00f3 Trump.<\/p>\n\n\n\n<p>El mandatario enfatiz\u00f3 que estas acciones buscan mejorar la seguridad p\u00fablica y combatir la criminalidad en la ciudad.<\/p>\n\n\n\n<p>Con informaci\u00f3n de <strong>agencias<\/strong><\/p>\n","protected":false},"excerpt":{"rendered":"<p>El presidente Donald Trump anunci\u00f3 este lunes una \u00abliberaci\u00f3n\u00bb de Washington D.C., prometiendo restaurar la ley y el orden en la capital del pa\u00eds. El mandatario inform\u00f3 que pondr\u00e1 al Departamento de Polic\u00eda de Washington D.C. bajo control federal y desplegar\u00e1 a la Guardia Nacional para reforzar la seguridad. \u00abEstoy desplegando la Guardia Nacional para [&hellip;]<\/p>\n","protected":false},"author":38,"featured_media":286705,"comment_status":"closed","ping_status":"closed","sticky":false,"template":"","format":"standard","meta":{"footnotes":""},"categories":[8],"tags":[448],"class_list":{"0":"post-286704","1":"post","2":"type-post","3":"status-publish","4":"format-standard","5":"has-post-thumbnail","7":"category-internacionales","8":"tag-mundo"},"_links":{"self":[{"href":"https:\/\/elluchador.info\/index.php?rest_route=\/wp\/v2\/posts\/286704","targetHints":{"allow":["GET"]}}],"collection":[{"href":"https:\/\/elluchador.info\/index.php?rest_route=\/wp\/v2\/posts"}],"about":[{"href":"https:\/\/elluchador.info\/index.php?rest_route=\/wp\/v2\/types\/post"}],"author":[{"embeddable":true,"href":"https:\/\/elluchador.info\/index.php?rest_route=\/wp\/v2\/users\/38"}],"replies":[{"embeddable":true,"href":"https:\/\/elluchador.info\/index.php?rest_route=%2Fwp%2Fv2%2Fcomments&post=286704"}],"version-history":[{"count":1,"href":"https:\/\/elluchador.info\/index.php?rest_route=\/wp\/v2\/posts\/286704\/revisions"}],"predecessor-version":[{"id":286706,"href":"https:\/\/elluchador.info\/index.php?rest_route=\/wp\/v2\/posts\/286704\/revisions\/286706"}],"wp:featuredmedia":[{"embeddable":true,"href":"https:\/\/elluchador.info\/index.php?rest_route=\/wp\/v2\/media\/286705"}],"wp:attachment":[{"href":"https:\/\/elluchador.info\/index.php?rest_route=%2Fwp%2Fv2%2Fmedia&parent=286704"}],"wp:term":[{"taxonomy":"category","embeddable":true,"href":"https:\/\/elluchador.info\/index.php?rest_route=%2Fwp%2Fv2%2Fcategories&post=286704"},{"taxonomy":"post_tag","embeddable":true,"href":"https:\/\/elluchador.info\/index.php?rest_route=%2Fwp%2Fv2%2Ftags&post=286704"}],"curies":[{"name":"wp","href":"https:\/\/api.w.org\/{rel}","templated":true}]}}