{"id":286710,"date":"2025-08-11T16:43:18","date_gmt":"2025-08-11T20:43:18","guid":{"rendered":"https:\/\/elluchador.info\/?p=286710"},"modified":"2025-08-11T16:43:24","modified_gmt":"2025-08-11T20:43:24","slug":"haiti-declara-estado-de-emergencia-por-tres-meses-tras-nueva-ola-de-violencia","status":"publish","type":"post","link":"https:\/\/elluchador.info\/?p=286710","title":{"rendered":"Hait\u00ed declara estado de emergencia por tres meses tras nueva ola de violencia"},"content":{"rendered":"\n<p>El nuevo Consejo Presidencial de Transici\u00f3n (CPT) y el Gobierno de Hait\u00ed decretaron un estado de emergencia por tres meses en los departamentos de Oeste, Artibonite y Centro, regiones que han sido severamente afectadas por la escalada de violencia de las bandas criminales.<\/p>\n\n\n\n<p>La medida, que entr\u00f3 en vigor el pasado s\u00e1bado, busca otorgar a las autoridades el tiempo y los recursos necesarios para restablecer la seguridad y la paz, seg\u00fan informaron desde el CPT, que se encuentra hundido en una crisis de legitimidad tras casi cuatro a\u00f1os de existencia y nulos resultados en el control de la violencia en el pa\u00eds.<\/p>\n\n\n\n<p>La decisi\u00f3n se toma en un contexto de intensificaci\u00f3n de la inseguridad, que ha llevado a las bandas a controlar hasta el 90 por ciento de Puerto Pr\u00edncipe y a extender su influencia a otras zonas del pa\u00eds.<\/p>\n\n\n\n<p>Seg\u00fan informes de la ONU, la situaci\u00f3n humanitaria es cr\u00edtica: entre octubre de 2024 y junio de 2025, m\u00e1s de 1.000 personas fueron asesinadas, 200 resultaron heridas y 620 fueron secuestradas en estas regiones.<\/p>\n\n\n\n<p>Solo en el segundo trimestre de 2025, se reportaron al menos 1.520 asesinatos y 609 heridos, principalmente en la zona metropolitana de Puerto Pr\u00edncipe.<\/p>\n\n\n\n<p>Con informaci\u00f3n <strong>Agencias.-<\/strong><\/p>\n","protected":false},"excerpt":{"rendered":"<p>El nuevo Consejo Presidencial de Transici\u00f3n (CPT) y el Gobierno de Hait\u00ed decretaron un estado de emergencia por tres meses en los departamentos de Oeste, Artibonite y Centro, regiones que han sido severamente afectadas por la escalada de violencia de las bandas criminales. La medida, que entr\u00f3 en vigor el pasado s\u00e1bado, busca otorgar a [&hellip;]<\/p>\n","protected":false},"author":33,"featured_media":286711,"comment_status":"closed","ping_status":"closed","sticky":false,"template":"","format":"standard","meta":{"footnotes":""},"categories":[8],"tags":[1851,4801],"class_list":{"0":"post-286710","1":"post","2":"type-post","3":"status-publish","4":"format-standard","5":"has-post-thumbnail","7":"category-internacionales","8":"tag-emergencia","9":"tag-haiti-2"},"_links":{"self":[{"href":"https:\/\/elluchador.info\/index.php?rest_route=\/wp\/v2\/posts\/286710","targetHints":{"allow":["GET"]}}],"collection":[{"href":"https:\/\/elluchador.info\/index.php?rest_route=\/wp\/v2\/posts"}],"about":[{"href":"https:\/\/elluchador.info\/index.php?rest_route=\/wp\/v2\/types\/post"}],"author":[{"embeddable":true,"href":"https:\/\/elluchador.info\/index.php?rest_route=\/wp\/v2\/users\/33"}],"replies":[{"embeddable":true,"href":"https:\/\/elluchador.info\/index.php?rest_route=%2Fwp%2Fv2%2Fcomments&post=286710"}],"version-history":[{"count":1,"href":"https:\/\/elluchador.info\/index.php?rest_route=\/wp\/v2\/posts\/286710\/revisions"}],"predecessor-version":[{"id":286712,"href":"https:\/\/elluchador.info\/index.php?rest_route=\/wp\/v2\/posts\/286710\/revisions\/286712"}],"wp:featuredmedia":[{"embeddable":true,"href":"https:\/\/elluchador.info\/index.php?rest_route=\/wp\/v2\/media\/286711"}],"wp:attachment":[{"href":"https:\/\/elluchador.info\/index.php?rest_route=%2Fwp%2Fv2%2Fmedia&parent=286710"}],"wp:term":[{"taxonomy":"category","embeddable":true,"href":"https:\/\/elluchador.info\/index.php?rest_route=%2Fwp%2Fv2%2Fcategories&post=286710"},{"taxonomy":"post_tag","embeddable":true,"href":"https:\/\/elluchador.info\/index.php?rest_route=%2Fwp%2Fv2%2Ftags&post=286710"}],"curies":[{"name":"wp","href":"https:\/\/api.w.org\/{rel}","templated":true}]}}