{"id":286742,"date":"2025-08-12T07:45:55","date_gmt":"2025-08-12T11:45:55","guid":{"rendered":"https:\/\/elluchador.info\/?p=286742"},"modified":"2025-08-12T07:46:18","modified_gmt":"2025-08-12T11:46:18","slug":"liceo-nacional-fernando-penalver-celebra-su-83a-promocion-de-bachilleres","status":"publish","type":"post","link":"https:\/\/elluchador.info\/?p=286742","title":{"rendered":"Liceo Nacional Fernando Pe\u00f1alver celebra su 83\u00aa promoci\u00f3n de bachilleres"},"content":{"rendered":"\n<p>\u200eLa comunidad educativa del Liceo Nacional Fernando Pe\u00f1alver \u2014integrada por su directiva, personal docente, administrativo y obrero\u2014 celebr\u00f3 el acto de graduaci\u00f3n de la promoci\u00f3n n\u00famero 83, enmarcada en el ep\u00f3nimo \u201c230 a\u00f1os del natalicio del Mariscal de Ayacucho\u201d, con el que se reconoci\u00f3 el esfuerzo de los nuevos bachilleres de la Rep\u00fablica.<br>\u200e<br>\u200e\u201cExtensivas felicitaciones a nuestros bachilleres, as\u00ed como a padres y representantes. Para nosotros es un placer celebrar la promoci\u00f3n de egresados de esta hist\u00f3rica y emblem\u00e1tica casa de estudios, que se ha caracterizado por la formaci\u00f3n integral de los j\u00f3venes\u201d, expres\u00f3 la directora Dubraska Vel\u00e1zquez.<br>\u200e<br>\u200eLa autoridad institucional resalt\u00f3 que \u201cnuestro norte como instituci\u00f3n es la formaci\u00f3n en valores como pilar fundamental en el desarrollo integral de los estudiantes. M\u00e1s all\u00e1 de la adquisici\u00f3n de conocimientos acad\u00e9micos, es esencial que cada joven fortalezca principios \u00e9ticos y morales que gu\u00eden sus acciones y decisiones a lo largo de su vida\u201d.<br>\u200e<br>\u200ePor su parte, la orientadora Elizabeth Berm\u00fadez, acompa\u00f1ada por la coordinadora pedag\u00f3gica Eunice Rangel y la subdirectora pedag\u00f3gica Dairis Rivas, destac\u00f3 que \u201clos estudiantes formados en valores son agentes de cambio que inspiran y promueven entornos de respeto, inclusi\u00f3n y colaboraci\u00f3n. Su educaci\u00f3n integral es la llave para construir un futuro m\u00e1s humano y solidario\u201d.<br>\u200e<br><strong>\u200eYanitza Mart\u00ednez<\/strong><\/p>\n","protected":false},"excerpt":{"rendered":"<p>\u200eLa comunidad educativa del Liceo Nacional Fernando Pe\u00f1alver \u2014integrada por su directiva, personal docente, administrativo y obrero\u2014 celebr\u00f3 el acto de graduaci\u00f3n de la promoci\u00f3n n\u00famero 83, enmarcada en el ep\u00f3nimo \u201c230 a\u00f1os del natalicio del Mariscal de Ayacucho\u201d, con el que se reconoci\u00f3 el esfuerzo de los nuevos bachilleres de la Rep\u00fablica.\u200e\u200e\u201cExtensivas felicitaciones a [&hellip;]<\/p>\n","protected":false},"author":33,"featured_media":286743,"comment_status":"closed","ping_status":"closed","sticky":false,"template":"","format":"standard","meta":{"footnotes":""},"categories":[2],"tags":[185,132,4364],"class_list":{"0":"post-286742","1":"post","2":"type-post","3":"status-publish","4":"format-standard","5":"has-post-thumbnail","7":"category-comunidad","8":"tag-bolivar","9":"tag-estudiantes","10":"tag-penalver"},"_links":{"self":[{"href":"https:\/\/elluchador.info\/index.php?rest_route=\/wp\/v2\/posts\/286742","targetHints":{"allow":["GET"]}}],"collection":[{"href":"https:\/\/elluchador.info\/index.php?rest_route=\/wp\/v2\/posts"}],"about":[{"href":"https:\/\/elluchador.info\/index.php?rest_route=\/wp\/v2\/types\/post"}],"author":[{"embeddable":true,"href":"https:\/\/elluchador.info\/index.php?rest_route=\/wp\/v2\/users\/33"}],"replies":[{"embeddable":true,"href":"https:\/\/elluchador.info\/index.php?rest_route=%2Fwp%2Fv2%2Fcomments&post=286742"}],"version-history":[{"count":1,"href":"https:\/\/elluchador.info\/index.php?rest_route=\/wp\/v2\/posts\/286742\/revisions"}],"predecessor-version":[{"id":286744,"href":"https:\/\/elluchador.info\/index.php?rest_route=\/wp\/v2\/posts\/286742\/revisions\/286744"}],"wp:featuredmedia":[{"embeddable":true,"href":"https:\/\/elluchador.info\/index.php?rest_route=\/wp\/v2\/media\/286743"}],"wp:attachment":[{"href":"https:\/\/elluchador.info\/index.php?rest_route=%2Fwp%2Fv2%2Fmedia&parent=286742"}],"wp:term":[{"taxonomy":"category","embeddable":true,"href":"https:\/\/elluchador.info\/index.php?rest_route=%2Fwp%2Fv2%2Fcategories&post=286742"},{"taxonomy":"post_tag","embeddable":true,"href":"https:\/\/elluchador.info\/index.php?rest_route=%2Fwp%2Fv2%2Ftags&post=286742"}],"curies":[{"name":"wp","href":"https:\/\/api.w.org\/{rel}","templated":true}]}}