{"id":286755,"date":"2025-08-12T08:58:48","date_gmt":"2025-08-12T12:58:48","guid":{"rendered":"https:\/\/elluchador.info\/?p=286755"},"modified":"2025-08-12T08:59:13","modified_gmt":"2025-08-12T12:59:13","slug":"afectados-por-la-crecida-del-orinoco-reciben-atencion-en-sierra-de-imataca","status":"publish","type":"post","link":"https:\/\/elluchador.info\/?p=286755","title":{"rendered":"Afectados por la crecida del Orinoco reciben atenci\u00f3n en Sierra de Imataca"},"content":{"rendered":"\n<p>\u200eLas intensas lluvias y el incremento del caudal del r\u00edo Orinoco han provocado severas afectaciones, no solo en comunidades del estado Bol\u00edvar, sino tambi\u00e9n en zonas del bajo Delta, municipio Casacoima.<br>\u200e<br>\u200eAnte esta situaci\u00f3n, las autoridades municipales se trasladaron a las \u00e1reas m\u00e1s vulnerables de Sierra de Imataca, donde varias familias han resultado perjudicadas por las inundaciones.<br>\u200e<br>\u200eEl alcalde H\u00e9ctor Sosa, junto a su equipo de trabajo y concejales de la localidad, encabez\u00f3 un operativo de atenci\u00f3n directa, que incluy\u00f3 la entrega de hamacas, mosquiteros, medicamentos y asistencia en salud ambiental, con prioridad para pacientes con patolog\u00edas graves.<br>\u200e<br>\u200eProtecci\u00f3n Civil, el Cuerpo de Bomberos municipales y otros organismos de seguridad mantienen un monitoreo constante y se mantienen en alerta ante el riesgo de nuevas crecidas del r\u00edo.<br>\u200e<br>\u200e<br><strong>\u200eYanitza Mart\u00ednez<\/strong><\/p>\n","protected":false},"excerpt":{"rendered":"<p>\u200eLas intensas lluvias y el incremento del caudal del r\u00edo Orinoco han provocado severas afectaciones, no solo en comunidades del estado Bol\u00edvar, sino tambi\u00e9n en zonas del bajo Delta, municipio Casacoima.\u200e\u200eAnte esta situaci\u00f3n, las autoridades municipales se trasladaron a las \u00e1reas m\u00e1s vulnerables de Sierra de Imataca, donde varias familias han resultado perjudicadas por las [&hellip;]<\/p>\n","protected":false},"author":33,"featured_media":286756,"comment_status":"closed","ping_status":"closed","sticky":false,"template":"","format":"standard","meta":{"footnotes":""},"categories":[12],"tags":[4807,4808],"class_list":{"0":"post-286755","1":"post","2":"type-post","3":"status-publish","4":"format-standard","5":"has-post-thumbnail","7":"category-regionales","8":"tag-afectados","9":"tag-crecida-del-rio-orinoco"},"_links":{"self":[{"href":"https:\/\/elluchador.info\/index.php?rest_route=\/wp\/v2\/posts\/286755","targetHints":{"allow":["GET"]}}],"collection":[{"href":"https:\/\/elluchador.info\/index.php?rest_route=\/wp\/v2\/posts"}],"about":[{"href":"https:\/\/elluchador.info\/index.php?rest_route=\/wp\/v2\/types\/post"}],"author":[{"embeddable":true,"href":"https:\/\/elluchador.info\/index.php?rest_route=\/wp\/v2\/users\/33"}],"replies":[{"embeddable":true,"href":"https:\/\/elluchador.info\/index.php?rest_route=%2Fwp%2Fv2%2Fcomments&post=286755"}],"version-history":[{"count":1,"href":"https:\/\/elluchador.info\/index.php?rest_route=\/wp\/v2\/posts\/286755\/revisions"}],"predecessor-version":[{"id":286757,"href":"https:\/\/elluchador.info\/index.php?rest_route=\/wp\/v2\/posts\/286755\/revisions\/286757"}],"wp:featuredmedia":[{"embeddable":true,"href":"https:\/\/elluchador.info\/index.php?rest_route=\/wp\/v2\/media\/286756"}],"wp:attachment":[{"href":"https:\/\/elluchador.info\/index.php?rest_route=%2Fwp%2Fv2%2Fmedia&parent=286755"}],"wp:term":[{"taxonomy":"category","embeddable":true,"href":"https:\/\/elluchador.info\/index.php?rest_route=%2Fwp%2Fv2%2Fcategories&post=286755"},{"taxonomy":"post_tag","embeddable":true,"href":"https:\/\/elluchador.info\/index.php?rest_route=%2Fwp%2Fv2%2Ftags&post=286755"}],"curies":[{"name":"wp","href":"https:\/\/api.w.org\/{rel}","templated":true}]}}