{"id":286768,"date":"2025-08-12T12:17:33","date_gmt":"2025-08-12T16:17:33","guid":{"rendered":"https:\/\/elluchador.info\/?p=286768"},"modified":"2025-08-12T12:17:37","modified_gmt":"2025-08-12T16:17:37","slug":"estudio-revela-la-hora-idonea-para-el-primer-cafe-de-la-manana","status":"publish","type":"post","link":"https:\/\/elluchador.info\/?p=286768","title":{"rendered":"Estudio revela la hora id\u00f3nea para el primer caf\u00e9 de la ma\u00f1ana"},"content":{"rendered":"\n<p>La <strong>cafe\u00edna<\/strong> es ampliamente conocida por sus efectos estimulantes sobre el sistema nervioso central, lo que puede mejorar el rendimiento cognitivo y alterar el estado de \u00e1nimo. Sin embargo, su influencia en el estado de \u00e1nimo en la vida cotidiana, fuera de entornos controlados de laboratorio, ha sido menos estudiada.<\/p>\n\n\n\n<p>Una nueva investigaci\u00f3n busca cerrar esta brecha luego de examinar la relaci\u00f3n entre el consumo moment\u00e1neo de cafe\u00edna y el estado afectivo en contextos naturales, al tener en cuenta factores como la hora del d\u00eda, las diferencias individuales y las circunstancias del momento.<\/p>\n\n\n\n<p>Los resultados del estudio mostraron que el consumo de cafe\u00edna est\u00e1 asociado con un aumento posterior de emociones positivas, especialmente durante las primeras 2,5 horas tras despertar. La reducci\u00f3n de las emociones negativas, en cambio, fue menos consistente.<\/p>\n\n\n\n<p><strong>Detalles del estudio<\/strong><\/p>\n\n\n\n<p>El estudio se realiz\u00f3 en dos fases con j\u00f3venes de entre 18 y 29 a\u00f1os. En la primera fase, participaron 115 personas durante 14 d\u00edas, con lo que se completaron ocho mil 335 encuestas; en la segunda, 121 personas durante 28 d\u00edas, con un total de 19 mil 960 encuestas.<\/p>\n\n\n\n<p>Los investigadores identificaron varios posibles mecanismos detr\u00e1s del positivo \u2018efecto matutino\u2019. Por un lado, la cafe\u00edna consumida a primeras horas podr\u00eda coincidir con los patrones habituales de consumo, lo que refuerza su impacto por factores psicol\u00f3gicos como la expectativa de sentirse mejor y el ritual social de tomar caf\u00e9 o t\u00e9 al despertarse.<\/p>\n\n\n<div class=\"wp-block-image\">\n<figure class=\"alignleft size-full is-resized\"><img loading=\"lazy\" decoding=\"async\" width=\"299\" height=\"168\" src=\"https:\/\/elluchador.info\/wp-content\/uploads\/2025\/08\/5.jpeg\" alt=\"\" class=\"wp-image-286769\" style=\"width:373px;height:auto\" srcset=\"https:\/\/elluchador.info\/wp-content\/uploads\/2025\/08\/5.jpeg 299w, https:\/\/elluchador.info\/wp-content\/uploads\/2025\/08\/5-150x84.jpeg 150w\" sizes=\"auto, (max-width: 299px) 100vw, 299px\" \/><\/figure>\n<\/div>\n\n\n<p>Por otro lado, el fen\u00f3meno podr\u00eda explicarse por la hip\u00f3tesis de reversi\u00f3n del s\u00edndrome de abstinencia, ya que la primera dosis de cafe\u00edna del d\u00eda eliminar\u00eda el bajo nivel de alerta o bajo estado de \u00e1nimo que se acumula durante la noche sin consumo.<\/p>\n\n\n\n<p>Adem\u00e1s, la investigaci\u00f3n sugiere que este patr\u00f3n puede estar vinculado al actuar de la cafe\u00edna sobre los receptores de adenosina y su interacci\u00f3n con los ritmos circadianos.<\/p>\n\n\n\n<p>Seg\u00fan esta teor\u00eda, la cafe\u00edna act\u00faa como una se\u00f1al externa que sincroniza el reloj biol\u00f3gico con el ciclo de luz y oscuridad, al ser m\u00e1s efectiva cuando se consume cerca del periodo principal de sue\u00f1o. En la ma\u00f1ana, este efecto podr\u00eda potenciarse al compensar la menor secreci\u00f3n de cortisol y activar mecanismos del sistema nervioso simp\u00e1tico que favorecen la vigilia y el buen \u00e1nimo.<\/p>\n\n\n\n<p>Con informaci\u00f3n <strong><em>Agencias.-<\/em><\/strong><\/p>\n","protected":false},"excerpt":{"rendered":"<p>La cafe\u00edna es ampliamente conocida por sus efectos estimulantes sobre el sistema nervioso central, lo que puede mejorar el rendimiento cognitivo y alterar el estado de \u00e1nimo. Sin embargo, su influencia en el estado de \u00e1nimo en la vida cotidiana, fuera de entornos controlados de laboratorio, ha sido menos estudiada. Una nueva investigaci\u00f3n busca cerrar [&hellip;]<\/p>\n","protected":false},"author":33,"featured_media":286770,"comment_status":"closed","ping_status":"closed","sticky":false,"template":"","format":"standard","meta":{"footnotes":""},"categories":[19],"tags":[364,4811,131],"class_list":{"0":"post-286768","1":"post","2":"type-post","3":"status-publish","4":"format-standard","5":"has-post-thumbnail","7":"category-salud","8":"tag-cafe","9":"tag-cafeina","10":"tag-salud"},"_links":{"self":[{"href":"https:\/\/elluchador.info\/index.php?rest_route=\/wp\/v2\/posts\/286768","targetHints":{"allow":["GET"]}}],"collection":[{"href":"https:\/\/elluchador.info\/index.php?rest_route=\/wp\/v2\/posts"}],"about":[{"href":"https:\/\/elluchador.info\/index.php?rest_route=\/wp\/v2\/types\/post"}],"author":[{"embeddable":true,"href":"https:\/\/elluchador.info\/index.php?rest_route=\/wp\/v2\/users\/33"}],"replies":[{"embeddable":true,"href":"https:\/\/elluchador.info\/index.php?rest_route=%2Fwp%2Fv2%2Fcomments&post=286768"}],"version-history":[{"count":1,"href":"https:\/\/elluchador.info\/index.php?rest_route=\/wp\/v2\/posts\/286768\/revisions"}],"predecessor-version":[{"id":286771,"href":"https:\/\/elluchador.info\/index.php?rest_route=\/wp\/v2\/posts\/286768\/revisions\/286771"}],"wp:featuredmedia":[{"embeddable":true,"href":"https:\/\/elluchador.info\/index.php?rest_route=\/wp\/v2\/media\/286770"}],"wp:attachment":[{"href":"https:\/\/elluchador.info\/index.php?rest_route=%2Fwp%2Fv2%2Fmedia&parent=286768"}],"wp:term":[{"taxonomy":"category","embeddable":true,"href":"https:\/\/elluchador.info\/index.php?rest_route=%2Fwp%2Fv2%2Fcategories&post=286768"},{"taxonomy":"post_tag","embeddable":true,"href":"https:\/\/elluchador.info\/index.php?rest_route=%2Fwp%2Fv2%2Ftags&post=286768"}],"curies":[{"name":"wp","href":"https:\/\/api.w.org\/{rel}","templated":true}]}}