{"id":286794,"date":"2025-08-12T14:13:40","date_gmt":"2025-08-12T18:13:40","guid":{"rendered":"https:\/\/elluchador.info\/?p=286794"},"modified":"2025-08-12T14:13:44","modified_gmt":"2025-08-12T18:13:44","slug":"yulisbeth-garcia-nos-unimos-en-una-gran-movilizacion-por-la-paz-y-contra-el-fascismo","status":"publish","type":"post","link":"https:\/\/elluchador.info\/?p=286794","title":{"rendered":"Yulisbeth Garc\u00eda: Nos unimos en una gran movilizaci\u00f3n por la paz y contra el fascismo"},"content":{"rendered":"\n<p>\u200eGran movilizaci\u00f3n que llen\u00f3 las calles de San F\u00e9lix, municipio Caron\u00ed, fue liderada por la gobernadora del estado Bol\u00edvar, Yulisbeth Garc\u00eda, en un encuentro con el Poder Popular revolucionario para levantar la bandera de la paz y respaldar al presidente Nicol\u00e1s Maduro.<br>\u200e<br>\u200eLa marcha parti\u00f3 desde la calle Orinoco y culmin\u00f3 en la Plaza Bol\u00edvar con la presencia del alcalde de Caron\u00ed, Yanny Alonzo; de Angostura del Orinoco, Sergio Hern\u00e1ndez; de la alcaldesa de Piar, Ornella Arbel\u00e1ez y de Bolivariano Angostura, Nayroby Abreu.<br>\u200e<br>\u200eDurante el evento, la l\u00edder regional destac\u00f3 la unidad de su equipo de trabajo y de la poblaci\u00f3n bolivarense como la mayor fortaleza de la regi\u00f3n.<br>\u200e<br>\u200e\u201cNos unimos en una gran movilizaci\u00f3n por la paz y contra el fascismo, orando, pidiendo a Dios que nos proteja de cualquier pretensi\u00f3n. Qu\u00e9 alegr\u00eda ver a nuestro pueblo en la calle, firme y unido, defendiendo el legado de la Revoluci\u00f3n Bolivariana y el trabajo de nuestro presidente Nicol\u00e1s Maduro\u201d, expres\u00f3.<br>\u200e<br>\u200eGarc\u00eda reafirm\u00f3 su apoyo y el de su equipo al Gobierno Bolivariano, asegurando, \u201cdesde el estado Bol\u00edvar, quiero que sepa, Presidente, que cuenta con este equipo de hombres y mujeres para defender la patria\u201d.<br>\u200e<br><strong>\u200eContra ataques injerencistas<\/strong><br>\u200e<br>\u200ePor su parte, el alcalde del municipio Caron\u00ed, Yanny Alonzo, destac\u00f3 que el pueblo venezolano rechaza los intentos de desestabilizaci\u00f3n y ataques injerencistas de Estados Unidos.<br>\u200e<br>\u200e\u201cEl pueblo lo que quiere es paz y prosperidad econ\u00f3mica, y la Revoluci\u00f3n Bolivariana con nuestro presidente Nicol\u00e1s Maduro lo est\u00e1 garantizando\u201d. Alonzo elogi\u00f3 la gesti\u00f3n de la gobernadora Yulisbeth Garc\u00eda y reafirm\u00f3 que el ej\u00e9rcito de la revoluci\u00f3n continuar\u00e1 al frente.<br>\u200e<br>\u200eEl alcalde de Angostura del Orinoco, Sergio Hern\u00e1ndez, expres\u00f3: El pueblo sali\u00f3 a defender la patria de Bol\u00edvar y Ch\u00e1vez, acompa\u00f1ando al presidente Maduro en la lucha contra el imperialismo.<br>\u200e<br><strong>\u200eDefensa de la revoluci\u00f3n bolivariana <\/strong><\/p>\n\n\n\n<p>La movilizaci\u00f3n fue un espacio para reafirmar el compromiso con la Revoluci\u00f3n Bolivariana y sus logros, \u201cjuntos, como hijos de Bol\u00edvar y Ch\u00e1vez, elevamos una oraci\u00f3n por la paz, el amor y la unidad para que Dios nos proteja de cualquier ataque\u201d, expres\u00f3 la Gobernadora, quien resalt\u00f3 que seguir\u00e1n trabajando por el bienestar de Venezuela.<br>\u200e<br>\u200e<br><strong><em>\u200ePrensa Gobernaci\u00f3n de Bol\u00edvar<\/em><\/strong><\/p>\n","protected":false},"excerpt":{"rendered":"<p>\u200eGran movilizaci\u00f3n que llen\u00f3 las calles de San F\u00e9lix, municipio Caron\u00ed, fue liderada por la gobernadora del estado Bol\u00edvar, Yulisbeth Garc\u00eda, en un encuentro con el Poder Popular revolucionario para levantar la bandera de la paz y respaldar al presidente Nicol\u00e1s Maduro.\u200e\u200eLa marcha parti\u00f3 desde la calle Orinoco y culmin\u00f3 en la Plaza Bol\u00edvar con [&hellip;]<\/p>\n","protected":false},"author":33,"featured_media":286795,"comment_status":"closed","ping_status":"closed","sticky":false,"template":"","format":"standard","meta":{"footnotes":""},"categories":[5,11],"tags":[2762,188,105,3408],"class_list":{"0":"post-286794","1":"post","2":"type-post","3":"status-publish","4":"format-standard","5":"has-post-thumbnail","7":"category-destacado","8":"category-politica","9":"tag-defensa","10":"tag-pais","11":"tag-venezuela","12":"tag-yulisbeth-garcia"},"_links":{"self":[{"href":"https:\/\/elluchador.info\/index.php?rest_route=\/wp\/v2\/posts\/286794","targetHints":{"allow":["GET"]}}],"collection":[{"href":"https:\/\/elluchador.info\/index.php?rest_route=\/wp\/v2\/posts"}],"about":[{"href":"https:\/\/elluchador.info\/index.php?rest_route=\/wp\/v2\/types\/post"}],"author":[{"embeddable":true,"href":"https:\/\/elluchador.info\/index.php?rest_route=\/wp\/v2\/users\/33"}],"replies":[{"embeddable":true,"href":"https:\/\/elluchador.info\/index.php?rest_route=%2Fwp%2Fv2%2Fcomments&post=286794"}],"version-history":[{"count":1,"href":"https:\/\/elluchador.info\/index.php?rest_route=\/wp\/v2\/posts\/286794\/revisions"}],"predecessor-version":[{"id":286796,"href":"https:\/\/elluchador.info\/index.php?rest_route=\/wp\/v2\/posts\/286794\/revisions\/286796"}],"wp:featuredmedia":[{"embeddable":true,"href":"https:\/\/elluchador.info\/index.php?rest_route=\/wp\/v2\/media\/286795"}],"wp:attachment":[{"href":"https:\/\/elluchador.info\/index.php?rest_route=%2Fwp%2Fv2%2Fmedia&parent=286794"}],"wp:term":[{"taxonomy":"category","embeddable":true,"href":"https:\/\/elluchador.info\/index.php?rest_route=%2Fwp%2Fv2%2Fcategories&post=286794"},{"taxonomy":"post_tag","embeddable":true,"href":"https:\/\/elluchador.info\/index.php?rest_route=%2Fwp%2Fv2%2Ftags&post=286794"}],"curies":[{"name":"wp","href":"https:\/\/api.w.org\/{rel}","templated":true}]}}