{"id":286800,"date":"2025-08-12T14:38:00","date_gmt":"2025-08-12T18:38:00","guid":{"rendered":"https:\/\/elluchador.info\/?p=286800"},"modified":"2025-08-12T14:35:12","modified_gmt":"2025-08-12T18:35:12","slug":"colombia-confirmo-la-muerte-de-zarco-aldinever-en-venezuela-senalado-por-el-homicidio-de-miguel-uribe-turbay","status":"publish","type":"post","link":"https:\/\/elluchador.info\/?p=286800","title":{"rendered":"Colombia confirm\u00f3 la muerte de Zarco Aldinever en Venezuela, se\u00f1alado por el homicidio de Miguel Uribe Turbay"},"content":{"rendered":"\n<p>El ministro de Defensa de Colombia, Pedro S\u00e1nchez, ha confirmado la muerte de alias &#8216;Zarco Aldinever&#8217; en Venezuela, un l\u00edder de la disidencia de las FARC, Segunda Marquetalia, y presunto autor intelectual del reciente magnicidio de Miguel Uribe Turbay.<\/p>\n\n\n\n<p>S\u00e1nchez, detall\u00f3 que la informaci\u00f3n fue validada por organismos de inteligencia del Ministerio de Defensa de Colombia, quienes confirmaron que la muerte de &#8216;Zarco Aldinever&#8217; fue resultado de un enfrentamiento con otro grupo guerrillero, el ELN. \u00abEl ELN asesin\u00f3 a alias Zarco Aldinever\u00bb, afirm\u00f3 el ministro durante una rueda de prensa.<\/p>\n\n\n\n<p><strong>Detalles del atentado contra Miguel Uribe Turbay<\/strong><br>Miguel Uribe Turbay, precandidato a la presidencia de Colombia por el partido Centro Democr\u00e1tico, fue v\u00edctima de un atentado el pasado 7 de junio de 2025 en el barrio Modelina de Bogot\u00e1, mientras participaba en un mitin pol\u00edtico. Uribe Turbay falleci\u00f3 en el hospital el 11 de agosto a causa de las heridas.<\/p>\n\n\n\n<p>Seg\u00fan S\u00e1nchez, la muerte de &#8216;Zarco Aldinever&#8217; representa una \u00abfractura\u00bb entre los grupos guerrilleros, lo que demuestra que \u00abno tienen objetivo pol\u00edtico\u00bb.<\/p>\n\n\n\n<p><strong>Avances en la investigaci\u00f3n del magnicidio<\/strong><br>El ministro de Defensa tambi\u00e9n se refiri\u00f3 a los avances en la investigaci\u00f3n del atentado contra Uribe Turbay. Hasta la fecha, seis personas han sido detenidas por su presunta participaci\u00f3n en el ataque.<\/p>\n\n\n\n<p>\u00abLa justicia ha avanzado supremamente en haber capturado al autor material el mismo d\u00eda, haber capturado a cinco m\u00e1s en un lapso de unos 25 o 30 d\u00edas, y tener casi todo el agresivo\u00bb, explic\u00f3 S\u00e1nchez, destacando las conexiones importantes que ha proporcionado la investigaci\u00f3n.<\/p>\n\n\n\n<p>S\u00e1nchez concluy\u00f3 advirtiendo que \u00abla amenaza est\u00e1 latente\u00bb y la importancia de \u00abevaluar el riesgo, identificarlo muy bien y tomar medidas para mitigar\u00bb.<\/p>\n\n\n\n<p>Con informaci\u00f3n de <strong>agencias<\/strong><\/p>\n","protected":false},"excerpt":{"rendered":"<p>El ministro de Defensa de Colombia, Pedro S\u00e1nchez, ha confirmado la muerte de alias &#8216;Zarco Aldinever&#8217; en Venezuela, un l\u00edder de la disidencia de las FARC, Segunda Marquetalia, y presunto autor intelectual del reciente magnicidio de Miguel Uribe Turbay. S\u00e1nchez, detall\u00f3 que la informaci\u00f3n fue validada por organismos de inteligencia del Ministerio de Defensa de [&hellip;]<\/p>\n","protected":false},"author":38,"featured_media":286801,"comment_status":"closed","ping_status":"closed","sticky":false,"template":"","format":"standard","meta":{"footnotes":""},"categories":[5,8],"tags":[448],"class_list":{"0":"post-286800","1":"post","2":"type-post","3":"status-publish","4":"format-standard","5":"has-post-thumbnail","7":"category-destacado","8":"category-internacionales","9":"tag-mundo"},"_links":{"self":[{"href":"https:\/\/elluchador.info\/index.php?rest_route=\/wp\/v2\/posts\/286800","targetHints":{"allow":["GET"]}}],"collection":[{"href":"https:\/\/elluchador.info\/index.php?rest_route=\/wp\/v2\/posts"}],"about":[{"href":"https:\/\/elluchador.info\/index.php?rest_route=\/wp\/v2\/types\/post"}],"author":[{"embeddable":true,"href":"https:\/\/elluchador.info\/index.php?rest_route=\/wp\/v2\/users\/38"}],"replies":[{"embeddable":true,"href":"https:\/\/elluchador.info\/index.php?rest_route=%2Fwp%2Fv2%2Fcomments&post=286800"}],"version-history":[{"count":2,"href":"https:\/\/elluchador.info\/index.php?rest_route=\/wp\/v2\/posts\/286800\/revisions"}],"predecessor-version":[{"id":286803,"href":"https:\/\/elluchador.info\/index.php?rest_route=\/wp\/v2\/posts\/286800\/revisions\/286803"}],"wp:featuredmedia":[{"embeddable":true,"href":"https:\/\/elluchador.info\/index.php?rest_route=\/wp\/v2\/media\/286801"}],"wp:attachment":[{"href":"https:\/\/elluchador.info\/index.php?rest_route=%2Fwp%2Fv2%2Fmedia&parent=286800"}],"wp:term":[{"taxonomy":"category","embeddable":true,"href":"https:\/\/elluchador.info\/index.php?rest_route=%2Fwp%2Fv2%2Fcategories&post=286800"},{"taxonomy":"post_tag","embeddable":true,"href":"https:\/\/elluchador.info\/index.php?rest_route=%2Fwp%2Fv2%2Ftags&post=286800"}],"curies":[{"name":"wp","href":"https:\/\/api.w.org\/{rel}","templated":true}]}}