{"id":286804,"date":"2025-08-12T14:45:00","date_gmt":"2025-08-12T18:45:00","guid":{"rendered":"https:\/\/elluchador.info\/?p=286804"},"modified":"2025-08-12T14:37:27","modified_gmt":"2025-08-12T18:37:27","slug":"peru-despliega-militares-en-territorio-de-conflicto-con-colombia","status":"publish","type":"post","link":"https:\/\/elluchador.info\/?p=286804","title":{"rendered":"Per\u00fa despliega militares en territorio de conflicto con Colombia"},"content":{"rendered":"\n<p>Una escuadra del Ej\u00e9rcito y unidades de guardacostas de la Marina de Guerra del Per\u00fa, se han desplegado en el reci\u00e9n creado distrito de Santa Rosa de Loreto. Este movimiento ocurre en medio de un conflicto territorial con Colombia, pa\u00eds que no reconoce el distrito como territorio peruano.<\/p>\n\n\n\n<p>Aunque no hay un pronunciamiento oficial de las fuerzas armadas, fuentes locales han confirmado la presencia de al menos 20 soldados realizando patrullaje preventivo y controles de identidad. Este despliegue militar y naval en el r\u00edo Amazonas tiene como objetivo principal garantizar el orden y la tranquilidad en la zona. La situaci\u00f3n se agudiz\u00f3 tras la aparici\u00f3n de una bandera colombiana en el lugar el d\u00eda anterior, un acto que ha escalado las tensiones.<\/p>\n\n\n\n<p><strong>La disputa y las declaraciones de ambos pa\u00edses<\/strong><br>El pol\u00edtico colombiano Daniel Quintero, aspirante a la presidencia en 2026, ha revelado ser el responsable de izar la bandera en Santa Rosa, declar\u00e1ndola p\u00fablicamente como \u00abterritorio colombiano\u00bb.<\/p>\n\n\n\n<p>En Per\u00fa, el presidente del Consejo de Ministros, Eduardo Arana, ha hecho un llamado a la calma, pidiendo que la disputa territorial \u00abno vaya a mayores\u00bb. No obstante, fue enf\u00e1tico al declarar que \u00abvamos a defender la soberan\u00eda, para nosotros est\u00e1 claro que no existe ning\u00fan incidente\u00bb.<\/p>\n\n\n\n<p>Se reporta que el despliegue militar tambi\u00e9n busca estar preparado para la posible visita de altos funcionarios. No se descarta que la presidenta del Per\u00fa, Dina Boluarte, arribe al lugar en los pr\u00f3ximos d\u00edas tras su reciente gira por Asia.<\/p>\n\n\n\n<p>Con informaci\u00f3n de <strong>agencias<\/strong><\/p>\n","protected":false},"excerpt":{"rendered":"<p>Una escuadra del Ej\u00e9rcito y unidades de guardacostas de la Marina de Guerra del Per\u00fa, se han desplegado en el reci\u00e9n creado distrito de Santa Rosa de Loreto. Este movimiento ocurre en medio de un conflicto territorial con Colombia, pa\u00eds que no reconoce el distrito como territorio peruano. Aunque no hay un pronunciamiento oficial de [&hellip;]<\/p>\n","protected":false},"author":38,"featured_media":286805,"comment_status":"closed","ping_status":"closed","sticky":false,"template":"","format":"standard","meta":{"footnotes":""},"categories":[8],"tags":[448],"class_list":{"0":"post-286804","1":"post","2":"type-post","3":"status-publish","4":"format-standard","5":"has-post-thumbnail","7":"category-internacionales","8":"tag-mundo"},"_links":{"self":[{"href":"https:\/\/elluchador.info\/index.php?rest_route=\/wp\/v2\/posts\/286804","targetHints":{"allow":["GET"]}}],"collection":[{"href":"https:\/\/elluchador.info\/index.php?rest_route=\/wp\/v2\/posts"}],"about":[{"href":"https:\/\/elluchador.info\/index.php?rest_route=\/wp\/v2\/types\/post"}],"author":[{"embeddable":true,"href":"https:\/\/elluchador.info\/index.php?rest_route=\/wp\/v2\/users\/38"}],"replies":[{"embeddable":true,"href":"https:\/\/elluchador.info\/index.php?rest_route=%2Fwp%2Fv2%2Fcomments&post=286804"}],"version-history":[{"count":1,"href":"https:\/\/elluchador.info\/index.php?rest_route=\/wp\/v2\/posts\/286804\/revisions"}],"predecessor-version":[{"id":286806,"href":"https:\/\/elluchador.info\/index.php?rest_route=\/wp\/v2\/posts\/286804\/revisions\/286806"}],"wp:featuredmedia":[{"embeddable":true,"href":"https:\/\/elluchador.info\/index.php?rest_route=\/wp\/v2\/media\/286805"}],"wp:attachment":[{"href":"https:\/\/elluchador.info\/index.php?rest_route=%2Fwp%2Fv2%2Fmedia&parent=286804"}],"wp:term":[{"taxonomy":"category","embeddable":true,"href":"https:\/\/elluchador.info\/index.php?rest_route=%2Fwp%2Fv2%2Fcategories&post=286804"},{"taxonomy":"post_tag","embeddable":true,"href":"https:\/\/elluchador.info\/index.php?rest_route=%2Fwp%2Fv2%2Ftags&post=286804"}],"curies":[{"name":"wp","href":"https:\/\/api.w.org\/{rel}","templated":true}]}}