{"id":286838,"date":"2025-08-13T08:20:26","date_gmt":"2025-08-13T12:20:26","guid":{"rendered":"https:\/\/elluchador.info\/?p=286838"},"modified":"2025-08-13T08:20:59","modified_gmt":"2025-08-13T12:20:59","slug":"inameh-preve-lluvias-en-varias-regiones-del-pais-4","status":"publish","type":"post","link":"https:\/\/elluchador.info\/?p=286838","title":{"rendered":"Inameh prev\u00e9 lluvias en varias regiones del pa\u00eds"},"content":{"rendered":"\n<p>\u200eEl Instituto Nacional de Meteorolog\u00eda e Hidrolog\u00eda (Inameh) pronostic\u00f3 para este mi\u00e9rcoles la probabilidad de que en varias regiones del pa\u00eds se registren precipitaciones a lo largo del d\u00eda.<br>\u200e<br>\u200eDurante la ma\u00f1ana, el Inameh indic\u00f3 que hay estimaciones de cielo parcialmente nublado en buena parte del territorio nacional; Sin embargo, prev\u00e9 que se evidencien zonas con nubosidad y lluvias o chubascos dispersos en el Esequibo, Delta Amacuro, Bol\u00edvar, Amazonas, Llanos Centrales y Occidentales; regi\u00f3n Centro Norte y Andina, junto al Zulia.<br>\u200e<br>\u200ePara despu\u00e9s del mediod\u00eda se espera un incremento en la cobertura nubosa generadora de precipitaciones de intensidad variable y posibles descargas el\u00e9ctricas que pueden afectar \u00e1reas al sur del Zulia, los Andes, Llanos Occidentales, Bol\u00edvar, Amazonas, el Esequibo y Delta Amacuro. Adem\u00e1s, no se descartan que se registren algunas lluvias dispersas en partes de Carabobo, Yaracuy y el este de Lara. <\/p>\n\n\n<div class=\"wp-block-image\">\n<figure class=\"aligncenter size-large is-resized\"><img loading=\"lazy\" decoding=\"async\" width=\"1024\" height=\"775\" src=\"https:\/\/elluchador.info\/wp-content\/uploads\/2025\/08\/Screenshot_20250813-081606-1024x775.jpg\" alt=\"\" class=\"wp-image-286840\" style=\"width:633px;height:auto\" srcset=\"https:\/\/elluchador.info\/wp-content\/uploads\/2025\/08\/Screenshot_20250813-081606-1024x775.jpg 1024w, https:\/\/elluchador.info\/wp-content\/uploads\/2025\/08\/Screenshot_20250813-081606-300x227.jpg 300w, https:\/\/elluchador.info\/wp-content\/uploads\/2025\/08\/Screenshot_20250813-081606-768x581.jpg 768w, https:\/\/elluchador.info\/wp-content\/uploads\/2025\/08\/Screenshot_20250813-081606-150x113.jpg 150w, https:\/\/elluchador.info\/wp-content\/uploads\/2025\/08\/Screenshot_20250813-081606-696x527.jpg 696w, https:\/\/elluchador.info\/wp-content\/uploads\/2025\/08\/Screenshot_20250813-081606-1068x808.jpg 1068w, https:\/\/elluchador.info\/wp-content\/uploads\/2025\/08\/Screenshot_20250813-081606.jpg 1080w\" sizes=\"auto, (max-width: 1024px) 100vw, 1024px\" \/><\/figure>\n<\/div>\n\n\n<p>\u200eSe esperan acumulados pluviom\u00e9tricos entre dos y cuarenta mil\u00edmetros (2-40 mm) en varias regiones del territorio nacional.<br>\u200e<br>\u200eAdem\u00e1s, se indica que la onda tropical n\u00famero 25 se convirti\u00f3 en la tormenta tropical Erin, que avanza hacia las Antillas; la onda 26 se desplaza al este de Cabo Verde y se estima que llegue entre el 21 y 22 de agosto.<br>\u200e<br>\u200eTambi\u00e9n se\u00f1al\u00f3 el Inameh que la onda 27 se form\u00f3 sobre Am\u00e9rica Central, espec\u00edficamente sobre Honduras y Nicaragua.<br>\u200e<br>\u200eCon informaci\u00f3n <strong>\u00daR<\/strong><\/p>\n","protected":false},"excerpt":{"rendered":"<p>\u200eEl Instituto Nacional de Meteorolog\u00eda e Hidrolog\u00eda (Inameh) pronostic\u00f3 para este mi\u00e9rcoles la probabilidad de que en varias regiones del pa\u00eds se registren precipitaciones a lo largo del d\u00eda.\u200e\u200eDurante la ma\u00f1ana, el Inameh indic\u00f3 que hay estimaciones de cielo parcialmente nublado en buena parte del territorio nacional; Sin embargo, prev\u00e9 que se evidencien zonas con [&hellip;]<\/p>\n","protected":false},"author":33,"featured_media":275667,"comment_status":"closed","ping_status":"closed","sticky":false,"template":"","format":"standard","meta":{"footnotes":""},"categories":[9],"tags":[185,180,107,105],"class_list":{"0":"post-286838","1":"post","2":"type-post","3":"status-publish","4":"format-standard","5":"has-post-thumbnail","7":"category-nacionales","8":"tag-bolivar","9":"tag-clima","10":"tag-lluvias","11":"tag-venezuela"},"_links":{"self":[{"href":"https:\/\/elluchador.info\/index.php?rest_route=\/wp\/v2\/posts\/286838","targetHints":{"allow":["GET"]}}],"collection":[{"href":"https:\/\/elluchador.info\/index.php?rest_route=\/wp\/v2\/posts"}],"about":[{"href":"https:\/\/elluchador.info\/index.php?rest_route=\/wp\/v2\/types\/post"}],"author":[{"embeddable":true,"href":"https:\/\/elluchador.info\/index.php?rest_route=\/wp\/v2\/users\/33"}],"replies":[{"embeddable":true,"href":"https:\/\/elluchador.info\/index.php?rest_route=%2Fwp%2Fv2%2Fcomments&post=286838"}],"version-history":[{"count":2,"href":"https:\/\/elluchador.info\/index.php?rest_route=\/wp\/v2\/posts\/286838\/revisions"}],"predecessor-version":[{"id":286841,"href":"https:\/\/elluchador.info\/index.php?rest_route=\/wp\/v2\/posts\/286838\/revisions\/286841"}],"wp:featuredmedia":[{"embeddable":true,"href":"https:\/\/elluchador.info\/index.php?rest_route=\/wp\/v2\/media\/275667"}],"wp:attachment":[{"href":"https:\/\/elluchador.info\/index.php?rest_route=%2Fwp%2Fv2%2Fmedia&parent=286838"}],"wp:term":[{"taxonomy":"category","embeddable":true,"href":"https:\/\/elluchador.info\/index.php?rest_route=%2Fwp%2Fv2%2Fcategories&post=286838"},{"taxonomy":"post_tag","embeddable":true,"href":"https:\/\/elluchador.info\/index.php?rest_route=%2Fwp%2Fv2%2Ftags&post=286838"}],"curies":[{"name":"wp","href":"https:\/\/api.w.org\/{rel}","templated":true}]}}