{"id":286842,"date":"2025-08-13T08:30:24","date_gmt":"2025-08-13T12:30:24","guid":{"rendered":"https:\/\/elluchador.info\/?p=286842"},"modified":"2025-08-13T08:32:50","modified_gmt":"2025-08-13T12:32:50","slug":"maderas-del-orinoco-planto-mas-de-4-millones-de-plantulas-de-pino-caribe","status":"publish","type":"post","link":"https:\/\/elluchador.info\/?p=286842","title":{"rendered":"Maderas del Orinoco plant\u00f3 m\u00e1s de 4 millones de pl\u00e1ntulas de pino caribe"},"content":{"rendered":"\n<p>\u200eMaderas del Orinoco (MDO) plant\u00f3 m\u00e1s de 4 millones de plantas de Pino caribe, en 4.200 hect\u00e1reas del bosque Uverito, ubicados al sur de los estados Monagas y Anzo\u00e1tegui, con lo cual alcanzan 22 mil hect\u00e1reas plantadas en los \u00faltimos 5 a\u00f1os de plantaci\u00f3n.\u00a0\u00a0<br>\u200e<br>\u200e\u201cLa plantaci\u00f3n de este a\u00f1o 2025 es la confirmaci\u00f3n de que seguimos adelante en la consolidaci\u00f3n de nuestro objetivo de mantener y fortalecer la fuente de recursos forestales que es el Bosque de Uverito, sino tambi\u00e9n con el de seguir adelante en la generaci\u00f3n de productos de valor agregado como la madera aserrada y las astillas tanto para el mercado nacional como internacional\u201d, dijo Liseth \u00c1lvarez, presidenta de MDO. <\/p>\n\n\n<div class=\"wp-block-image\">\n<figure class=\"aligncenter size-large is-resized\"><img loading=\"lazy\" decoding=\"async\" width=\"1024\" height=\"566\" src=\"https:\/\/elluchador.info\/wp-content\/uploads\/2025\/08\/IMG-20250812-WA0039-1024x566.jpg\" alt=\"\" class=\"wp-image-286843\" style=\"width:586px;height:auto\" srcset=\"https:\/\/elluchador.info\/wp-content\/uploads\/2025\/08\/IMG-20250812-WA0039-1024x566.jpg 1024w, https:\/\/elluchador.info\/wp-content\/uploads\/2025\/08\/IMG-20250812-WA0039-300x166.jpg 300w, https:\/\/elluchador.info\/wp-content\/uploads\/2025\/08\/IMG-20250812-WA0039-768x425.jpg 768w, https:\/\/elluchador.info\/wp-content\/uploads\/2025\/08\/IMG-20250812-WA0039-150x83.jpg 150w, https:\/\/elluchador.info\/wp-content\/uploads\/2025\/08\/IMG-20250812-WA0039-696x385.jpg 696w, https:\/\/elluchador.info\/wp-content\/uploads\/2025\/08\/IMG-20250812-WA0039-1068x590.jpg 1068w, https:\/\/elluchador.info\/wp-content\/uploads\/2025\/08\/IMG-20250812-WA0039.jpg 1080w\" sizes=\"auto, (max-width: 1024px) 100vw, 1024px\" \/><\/figure>\n<\/div>\n\n\n<p>\u200eEste a\u00f1o se plantaron 2.066 hect\u00e1reas en los terrenos del bosque ubicados en el estado Monagas y 2.121 hect\u00e1reas adicionales en los que se encuentran al sur del estado Anzo\u00e1tegui, con lo cual se repuso m\u00e1s del doble de lo aprovechado para la producci\u00f3n industrial de Maderas del Orinoco.<br>\u200e<br>\u200ePara el plan de siembra y plantaci\u00f3n, que comenz\u00f3 en enero pasado, participaron m\u00e1s de 14 cooperativas de trabajadores de 57 comunidades aleda\u00f1as al bosque, generando m\u00e1s de 500 empleos directos y unos 1800 indirectos, lo que est\u00e1 transformando positivamente la econom\u00eda local y regional al crear oportunidades de empleo para las comunidades aleda\u00f1as.<br>\u200e<br><strong>\u200eProyecto de reforestaci\u00f3n con Acacia magnium<\/strong><br>\u200e<br>\u200eAdicionalmente, este a\u00f1o la empresa ofreci\u00f3 su conocimiento y experiencia en material forestal en la reproducci\u00f3n de 6,5 millones de pl\u00e1ntulas de Acacia Mangium que ser\u00e1n utilizadas en la remediaci\u00f3n de los suelos degradados por la miner\u00eda en el estado Bol\u00edvar, en una iniciativa liderada por el Ministerio del Poder Popular de desarrollo minero ecol\u00f3gico.<br>\u200e<br>\u200e\u201cLa experiencia de nuestro personal en la reproducci\u00f3n masiva de pino caribe se traslad\u00f3 a la reproducci\u00f3n de la Acacia mangium, una especie que ha demostrados gran capacidad de adaptaci\u00f3n a suelos empobrecidos y que sirve como especie pionera para la reintroducci\u00f3n de especies nativas\u201d, explic\u00f3 \u00c1lvarez. <\/p>\n\n\n<div class=\"wp-block-image\">\n<figure class=\"aligncenter size-large is-resized\"><img loading=\"lazy\" decoding=\"async\" width=\"1024\" height=\"768\" src=\"https:\/\/elluchador.info\/wp-content\/uploads\/2025\/08\/IMG-20250812-WA0038-1024x768.jpg\" alt=\"\" class=\"wp-image-286844\" style=\"width:570px;height:auto\" srcset=\"https:\/\/elluchador.info\/wp-content\/uploads\/2025\/08\/IMG-20250812-WA0038-1024x768.jpg 1024w, https:\/\/elluchador.info\/wp-content\/uploads\/2025\/08\/IMG-20250812-WA0038-300x225.jpg 300w, https:\/\/elluchador.info\/wp-content\/uploads\/2025\/08\/IMG-20250812-WA0038-768x576.jpg 768w, https:\/\/elluchador.info\/wp-content\/uploads\/2025\/08\/IMG-20250812-WA0038-1536x1152.jpg 1536w, https:\/\/elluchador.info\/wp-content\/uploads\/2025\/08\/IMG-20250812-WA0038-150x113.jpg 150w, https:\/\/elluchador.info\/wp-content\/uploads\/2025\/08\/IMG-20250812-WA0038-696x522.jpg 696w, https:\/\/elluchador.info\/wp-content\/uploads\/2025\/08\/IMG-20250812-WA0038-1068x801.jpg 1068w, https:\/\/elluchador.info\/wp-content\/uploads\/2025\/08\/IMG-20250812-WA0038.jpg 1600w\" sizes=\"auto, (max-width: 1024px) 100vw, 1024px\" \/><\/figure>\n<\/div>\n\n\n<p>\u200eLos expertos forestales de Maderas del Orinoco ofrecer\u00e1n asesor\u00eda en el establecimiento de las plantas en las zonas determinadas por el Ministerio de Desarrollo Minero y har\u00e1n seguimiento para asegurar el \u00e9xito del programa e identificar mejores pr\u00e1cticas para futuras fases del plan.<br>\u200e<br>\u200eMaderas del Orinoco es la empresa estatal venezolana que gestiona los recursos forestales y la cadena productiva asociada al Bosque Uverito.<br>\u200e<br>\u200eSus procesos van desde la cosecha de las semillas de Pino Caribe, la siembra y plantacio\u0301n de nuevos a\u0301rboles, la produccio\u0301n de madera en pie y su transformacio\u0301n a trave\u0301s de las plantas de aserri\u0301o y de produccio\u0301n de astilla, para el mercado nacional e internacional.<br>\u200e<br>\u200e<br>\u200e<strong>Prensa MDO<\/strong><\/p>\n","protected":false},"excerpt":{"rendered":"<p>\u200eMaderas del Orinoco (MDO) plant\u00f3 m\u00e1s de 4 millones de plantas de Pino caribe, en 4.200 hect\u00e1reas del bosque Uverito, ubicados al sur de los estados Monagas y Anzo\u00e1tegui, con lo cual alcanzan 22 mil hect\u00e1reas plantadas en los \u00faltimos 5 a\u00f1os de plantaci\u00f3n.\u00a0\u00a0\u200e\u200e\u201cLa plantaci\u00f3n de este a\u00f1o 2025 es la confirmaci\u00f3n de que seguimos [&hellip;]<\/p>\n","protected":false},"author":33,"featured_media":286845,"comment_status":"closed","ping_status":"closed","sticky":false,"template":"","format":"standard","meta":{"footnotes":""},"categories":[12],"tags":[4818,4819,105],"class_list":{"0":"post-286842","1":"post","2":"type-post","3":"status-publish","4":"format-standard","5":"has-post-thumbnail","7":"category-regionales","8":"tag-madera-del-orinoco","9":"tag-plantacion","10":"tag-venezuela"},"_links":{"self":[{"href":"https:\/\/elluchador.info\/index.php?rest_route=\/wp\/v2\/posts\/286842","targetHints":{"allow":["GET"]}}],"collection":[{"href":"https:\/\/elluchador.info\/index.php?rest_route=\/wp\/v2\/posts"}],"about":[{"href":"https:\/\/elluchador.info\/index.php?rest_route=\/wp\/v2\/types\/post"}],"author":[{"embeddable":true,"href":"https:\/\/elluchador.info\/index.php?rest_route=\/wp\/v2\/users\/33"}],"replies":[{"embeddable":true,"href":"https:\/\/elluchador.info\/index.php?rest_route=%2Fwp%2Fv2%2Fcomments&post=286842"}],"version-history":[{"count":1,"href":"https:\/\/elluchador.info\/index.php?rest_route=\/wp\/v2\/posts\/286842\/revisions"}],"predecessor-version":[{"id":286846,"href":"https:\/\/elluchador.info\/index.php?rest_route=\/wp\/v2\/posts\/286842\/revisions\/286846"}],"wp:featuredmedia":[{"embeddable":true,"href":"https:\/\/elluchador.info\/index.php?rest_route=\/wp\/v2\/media\/286845"}],"wp:attachment":[{"href":"https:\/\/elluchador.info\/index.php?rest_route=%2Fwp%2Fv2%2Fmedia&parent=286842"}],"wp:term":[{"taxonomy":"category","embeddable":true,"href":"https:\/\/elluchador.info\/index.php?rest_route=%2Fwp%2Fv2%2Fcategories&post=286842"},{"taxonomy":"post_tag","embeddable":true,"href":"https:\/\/elluchador.info\/index.php?rest_route=%2Fwp%2Fv2%2Ftags&post=286842"}],"curies":[{"name":"wp","href":"https:\/\/api.w.org\/{rel}","templated":true}]}}