{"id":286847,"date":"2025-08-13T08:38:10","date_gmt":"2025-08-13T12:38:10","guid":{"rendered":"https:\/\/elluchador.info\/?p=286847"},"modified":"2025-08-13T08:38:14","modified_gmt":"2025-08-13T12:38:14","slug":"maduro-ordena-una-ofensiva-especial-para-reforzar-la-seguridad-en-todo-el-pais","status":"publish","type":"post","link":"https:\/\/elluchador.info\/?p=286847","title":{"rendered":"Maduro ordena una \u201cofensiva especial\u201d para reforzar la seguridad en todo el pa\u00eds"},"content":{"rendered":"\n<p>\u200eEl presidente de Venezuela, Nicol\u00e1s Maduro, anunci\u00f3 este martes el inicio de una \u201cofensiva especial\u201d destinada a reforzar la seguridad interna en las 24 entidades federales y en el Distrito Capital.<br>\u200e<br>\u200eEl plan, que seg\u00fan el mandatario busca articular la acci\u00f3n de fuerzas civiles, militares y policiales, fue presentado durante un acto transmitido por el canal estatal Venezolana de Televisi\u00f3n (VTV).<br>\u200e<br>\u200e\u00abHoy arranca una ofensiva especial para, en todos los 24 estados del pa\u00eds, m\u00e1s en la capital Caracas, lanzar esta l\u00ednea que nos va a fortalecer la seguridad interna\u00bb, declar\u00f3 Maduro, sin precisar los alcances operativos del despliegue.<br>\u200e<br>\u200eEl jefe de Estado se\u00f1al\u00f3 que el objetivo de esta iniciativa es concretar \u00abla fusi\u00f3n popular-militar concreta en el terreno\u00bb, con \u00abplanes de acci\u00f3n permanente, en la atenci\u00f3n de la vida, de la comunidad, pero espec\u00edficamente en la atenci\u00f3n de los temas de la tranquilidad, la paz y la lucha contra el delito en todas sus formas\u00bb.<br>\u200e<br><strong>\u200eArticulaci\u00f3n de comunas y cuerpos de seguridad<br>\u200e<\/strong><br>\u200eMaduro describi\u00f3 esta medida como el inicio de una \u201cnueva etapa\u201d en la que se integrar\u00e1n \u00abdos fortalezas\u00bb: los circuitos comunales \u2014estructuras de organizaci\u00f3n popular\u2014 y \u00abel poder policial-militar\u00bb, representado por los \u201ccuadrantes de paz\u201d.<br>\u200e<br>\u200eLa \u2018Gran Misi\u00f3n Cuadrantes de Paz\u2019 fue creada en 2018 con el objetivo de garantizar la seguridad ciudadana a trav\u00e9s de \u00e1reas delimitadas de entre 2 y 5 kil\u00f3metros cuadrados, donde confluyen cuerpos policiales y l\u00edderes comunitarios para desarrollar estrategias contra la criminalidad.<br>\u200e<br>\u200eCon informaci\u00f3n <strong><em>Sumarium<\/em><\/strong><\/p>\n","protected":false},"excerpt":{"rendered":"<p>\u200eEl presidente de Venezuela, Nicol\u00e1s Maduro, anunci\u00f3 este martes el inicio de una \u201cofensiva especial\u201d destinada a reforzar la seguridad interna en las 24 entidades federales y en el Distrito Capital.\u200e\u200eEl plan, que seg\u00fan el mandatario busca articular la acci\u00f3n de fuerzas civiles, militares y policiales, fue presentado durante un acto transmitido por el canal [&hellip;]<\/p>\n","protected":false},"author":33,"featured_media":286848,"comment_status":"closed","ping_status":"closed","sticky":false,"template":"","format":"standard","meta":{"footnotes":""},"categories":[5,9],"tags":[409,84,4820,384],"class_list":{"0":"post-286847","1":"post","2":"type-post","3":"status-publish","4":"format-standard","5":"has-post-thumbnail","7":"category-destacado","8":"category-nacionales","9":"tag-despliegue","10":"tag-maduro","11":"tag-ofensiva","12":"tag-seguridad"},"_links":{"self":[{"href":"https:\/\/elluchador.info\/index.php?rest_route=\/wp\/v2\/posts\/286847","targetHints":{"allow":["GET"]}}],"collection":[{"href":"https:\/\/elluchador.info\/index.php?rest_route=\/wp\/v2\/posts"}],"about":[{"href":"https:\/\/elluchador.info\/index.php?rest_route=\/wp\/v2\/types\/post"}],"author":[{"embeddable":true,"href":"https:\/\/elluchador.info\/index.php?rest_route=\/wp\/v2\/users\/33"}],"replies":[{"embeddable":true,"href":"https:\/\/elluchador.info\/index.php?rest_route=%2Fwp%2Fv2%2Fcomments&post=286847"}],"version-history":[{"count":1,"href":"https:\/\/elluchador.info\/index.php?rest_route=\/wp\/v2\/posts\/286847\/revisions"}],"predecessor-version":[{"id":286849,"href":"https:\/\/elluchador.info\/index.php?rest_route=\/wp\/v2\/posts\/286847\/revisions\/286849"}],"wp:featuredmedia":[{"embeddable":true,"href":"https:\/\/elluchador.info\/index.php?rest_route=\/wp\/v2\/media\/286848"}],"wp:attachment":[{"href":"https:\/\/elluchador.info\/index.php?rest_route=%2Fwp%2Fv2%2Fmedia&parent=286847"}],"wp:term":[{"taxonomy":"category","embeddable":true,"href":"https:\/\/elluchador.info\/index.php?rest_route=%2Fwp%2Fv2%2Fcategories&post=286847"},{"taxonomy":"post_tag","embeddable":true,"href":"https:\/\/elluchador.info\/index.php?rest_route=%2Fwp%2Fv2%2Ftags&post=286847"}],"curies":[{"name":"wp","href":"https:\/\/api.w.org\/{rel}","templated":true}]}}