{"id":286882,"date":"2025-08-13T13:42:38","date_gmt":"2025-08-13T17:42:38","guid":{"rendered":"https:\/\/elluchador.info\/?p=286882"},"modified":"2025-08-13T13:42:42","modified_gmt":"2025-08-13T17:42:42","slug":"detenido-tras-agredir-y-amenazar-de-muerte-a-su-propia-madre","status":"publish","type":"post","link":"https:\/\/elluchador.info\/?p=286882","title":{"rendered":"Detenido tras agredir y amenazar de muerte a su propia madre"},"content":{"rendered":"\n<p>Como Mois\u00e9s Alejandro Blanco \u00c1lvarez de 30 a\u00f1os, fue identificado el sujeto aprehendido por funcionarios del Cuerpo de Investigaciones Cient\u00edficas, Penales y Criminal\u00edsticas (Cicpc) de la Delegaci\u00f3n Municipal Oeste, quien habr\u00eda amenazado de muerte y agredido a su madre de 72 a\u00f1os de edad.<\/p>\n\n\n\n<p>De acuerdo a la minuta compartida por el director del Cicpc, Douglas Rico, la aprehensi\u00f3n se llev\u00f3 a cabo en la primera calle de Ruperto Lugo, tras un largo trabajo de campo y entrevistas psicol\u00f3gicas realizadas por las autoridades, y mismas que confirmaron el patr\u00f3n de violencia del detenido.<\/p>\n\n\n\n<p>Las investigaciones arrojaron que Blanco, quien consume sustancias psicotr\u00f3picas y estupefacientes, agred\u00eda a su madre en la parroquia Sucre, municipio Libertador del Distrito Capital, de manera verbal y f\u00edsica, motivado por problemas de convivencia.<\/p>\n\n\n\n<p>Trascendi\u00f3 que la v\u00edctima le reclam\u00f3 a su hijo por vender sus pertenencias para financiar su adicci\u00f3n, lo que desat\u00f3 una violenta discusi\u00f3n. El agresor la golpe\u00f3 y la amenaz\u00f3 de muerte con un arma blanca tipo cuchillo.<\/p>\n\n\n\n<p>Durante el procedimiento policial, los detectives le incautaron el arma blanca utilizada en el hecho de violencia, la cual qued\u00f3 a la orden de la Fiscal\u00eda 144\u00b0 del Ministerio P\u00fablico, con competencia en Delitos Contra la Mujer del \u00c1rea Metropolitana de Caracas.<\/p>\n\n\n\n<p>Con informaci\u00f3n <strong>NTT<\/strong><\/p>\n","protected":false},"excerpt":{"rendered":"<p>Como Mois\u00e9s Alejandro Blanco \u00c1lvarez de 30 a\u00f1os, fue identificado el sujeto aprehendido por funcionarios del Cuerpo de Investigaciones Cient\u00edficas, Penales y Criminal\u00edsticas (Cicpc) de la Delegaci\u00f3n Municipal Oeste, quien habr\u00eda amenazado de muerte y agredido a su madre de 72 a\u00f1os de edad. De acuerdo a la minuta compartida por el director del Cicpc, [&hellip;]<\/p>\n","protected":false},"author":33,"featured_media":286883,"comment_status":"closed","ping_status":"closed","sticky":false,"template":"","format":"standard","meta":{"footnotes":""},"categories":[13],"tags":[2411,2623],"class_list":{"0":"post-286882","1":"post","2":"type-post","3":"status-publish","4":"format-standard","5":"has-post-thumbnail","7":"category-sucesos","8":"tag-madre","9":"tag-sujeto"},"_links":{"self":[{"href":"https:\/\/elluchador.info\/index.php?rest_route=\/wp\/v2\/posts\/286882","targetHints":{"allow":["GET"]}}],"collection":[{"href":"https:\/\/elluchador.info\/index.php?rest_route=\/wp\/v2\/posts"}],"about":[{"href":"https:\/\/elluchador.info\/index.php?rest_route=\/wp\/v2\/types\/post"}],"author":[{"embeddable":true,"href":"https:\/\/elluchador.info\/index.php?rest_route=\/wp\/v2\/users\/33"}],"replies":[{"embeddable":true,"href":"https:\/\/elluchador.info\/index.php?rest_route=%2Fwp%2Fv2%2Fcomments&post=286882"}],"version-history":[{"count":1,"href":"https:\/\/elluchador.info\/index.php?rest_route=\/wp\/v2\/posts\/286882\/revisions"}],"predecessor-version":[{"id":286884,"href":"https:\/\/elluchador.info\/index.php?rest_route=\/wp\/v2\/posts\/286882\/revisions\/286884"}],"wp:featuredmedia":[{"embeddable":true,"href":"https:\/\/elluchador.info\/index.php?rest_route=\/wp\/v2\/media\/286883"}],"wp:attachment":[{"href":"https:\/\/elluchador.info\/index.php?rest_route=%2Fwp%2Fv2%2Fmedia&parent=286882"}],"wp:term":[{"taxonomy":"category","embeddable":true,"href":"https:\/\/elluchador.info\/index.php?rest_route=%2Fwp%2Fv2%2Fcategories&post=286882"},{"taxonomy":"post_tag","embeddable":true,"href":"https:\/\/elluchador.info\/index.php?rest_route=%2Fwp%2Fv2%2Ftags&post=286882"}],"curies":[{"name":"wp","href":"https:\/\/api.w.org\/{rel}","templated":true}]}}