{"id":286920,"date":"2025-08-13T19:03:51","date_gmt":"2025-08-13T23:03:51","guid":{"rendered":"https:\/\/elluchador.info\/?p=286920"},"modified":"2025-08-13T19:03:56","modified_gmt":"2025-08-13T23:03:56","slug":"maduro-sostiene-reunion-con-alcaldes-de-oposicion-venezolana","status":"publish","type":"post","link":"https:\/\/elluchador.info\/?p=286920","title":{"rendered":"Maduro sostiene reuni\u00f3n con alcaldes de oposici\u00f3n venezolana"},"content":{"rendered":"\n<p>\u200eDesde el sal\u00f3n Sim\u00f3n Bol\u00edvar del Palacio de Miraflores, el presidente de Venezuela, Nicol\u00e1s Maduro, sostiene una reuni\u00f3n de trabajo con los 50 alcaldes y alcaldesas de la oposici\u00f3n venezolana electos el pasado 27 de julio, para el per\u00edodo 2025 -2029.<br>\u200e<br>\u200eDicho encuentro se realiza a prop\u00f3sito del llamado del jefe de Estado al di\u00e1logo que permite avanzar en los proyectos ya establecidos. <\/p>\n\n\n\n<figure class=\"wp-block-gallery has-nested-images columns-default is-cropped wp-block-gallery-1 is-layout-flex wp-block-gallery-is-layout-flex\">\n<figure class=\"wp-block-image size-large\"><img loading=\"lazy\" decoding=\"async\" width=\"1024\" height=\"664\" data-id=\"286922\" src=\"https:\/\/elluchador.info\/wp-content\/uploads\/2025\/08\/Screenshot_20250813-185941-1024x664.jpg\" alt=\"\" class=\"wp-image-286922\" srcset=\"https:\/\/elluchador.info\/wp-content\/uploads\/2025\/08\/Screenshot_20250813-185941-1024x664.jpg 1024w, https:\/\/elluchador.info\/wp-content\/uploads\/2025\/08\/Screenshot_20250813-185941-300x194.jpg 300w, https:\/\/elluchador.info\/wp-content\/uploads\/2025\/08\/Screenshot_20250813-185941-768x498.jpg 768w, https:\/\/elluchador.info\/wp-content\/uploads\/2025\/08\/Screenshot_20250813-185941-150x97.jpg 150w, https:\/\/elluchador.info\/wp-content\/uploads\/2025\/08\/Screenshot_20250813-185941-696x451.jpg 696w, https:\/\/elluchador.info\/wp-content\/uploads\/2025\/08\/Screenshot_20250813-185941-1068x692.jpg 1068w, https:\/\/elluchador.info\/wp-content\/uploads\/2025\/08\/Screenshot_20250813-185941.jpg 1080w\" sizes=\"auto, (max-width: 1024px) 100vw, 1024px\" \/><\/figure>\n\n\n\n<figure class=\"wp-block-image size-large\"><img loading=\"lazy\" decoding=\"async\" width=\"1024\" height=\"666\" data-id=\"286921\" src=\"https:\/\/elluchador.info\/wp-content\/uploads\/2025\/08\/Screenshot_20250813-185926-1024x666.jpg\" alt=\"\" class=\"wp-image-286921\" srcset=\"https:\/\/elluchador.info\/wp-content\/uploads\/2025\/08\/Screenshot_20250813-185926-1024x666.jpg 1024w, https:\/\/elluchador.info\/wp-content\/uploads\/2025\/08\/Screenshot_20250813-185926-300x195.jpg 300w, https:\/\/elluchador.info\/wp-content\/uploads\/2025\/08\/Screenshot_20250813-185926-768x499.jpg 768w, https:\/\/elluchador.info\/wp-content\/uploads\/2025\/08\/Screenshot_20250813-185926-150x98.jpg 150w, https:\/\/elluchador.info\/wp-content\/uploads\/2025\/08\/Screenshot_20250813-185926-696x452.jpg 696w, https:\/\/elluchador.info\/wp-content\/uploads\/2025\/08\/Screenshot_20250813-185926-1068x694.jpg 1068w, https:\/\/elluchador.info\/wp-content\/uploads\/2025\/08\/Screenshot_20250813-185926.jpg 1080w\" sizes=\"auto, (max-width: 1024px) 100vw, 1024px\" \/><\/figure>\n<\/figure>\n\n\n\n<p>\u200ePartidos como Copei, Acci\u00f3n Democr\u00e1tica, Fuerza Vecinal, Un Nuevo tiempo, Movimiento Ecol\u00f3gico se dieron cita en el Palacio de Miraflores para afinar los lineamientos en esta nueva etapa de trabajo, lo que evidencia que el mandatario nacional apuesta en el entendimiento a pesar de las diferencias pol\u00edticas, para vivir en paz, en sana convivencia.<br>\u200e<br>\u200eCon informaci\u00f3n <strong>VTV<\/strong><\/p>\n","protected":false},"excerpt":{"rendered":"<p>\u200eDesde el sal\u00f3n Sim\u00f3n Bol\u00edvar del Palacio de Miraflores, el presidente de Venezuela, Nicol\u00e1s Maduro, sostiene una reuni\u00f3n de trabajo con los 50 alcaldes y alcaldesas de la oposici\u00f3n venezolana electos el pasado 27 de julio, para el per\u00edodo 2025 -2029.\u200e\u200eDicho encuentro se realiza a prop\u00f3sito del llamado del jefe de Estado al di\u00e1logo que [&hellip;]<\/p>\n","protected":false},"author":33,"featured_media":286923,"comment_status":"closed","ping_status":"closed","sticky":false,"template":"","format":"standard","meta":{"footnotes":""},"categories":[5,11],"tags":[608,1456,105],"class_list":{"0":"post-286920","1":"post","2":"type-post","3":"status-publish","4":"format-standard","5":"has-post-thumbnail","7":"category-destacado","8":"category-politica","9":"tag-alcaldes","10":"tag-oposicion","11":"tag-venezuela"},"_links":{"self":[{"href":"https:\/\/elluchador.info\/index.php?rest_route=\/wp\/v2\/posts\/286920","targetHints":{"allow":["GET"]}}],"collection":[{"href":"https:\/\/elluchador.info\/index.php?rest_route=\/wp\/v2\/posts"}],"about":[{"href":"https:\/\/elluchador.info\/index.php?rest_route=\/wp\/v2\/types\/post"}],"author":[{"embeddable":true,"href":"https:\/\/elluchador.info\/index.php?rest_route=\/wp\/v2\/users\/33"}],"replies":[{"embeddable":true,"href":"https:\/\/elluchador.info\/index.php?rest_route=%2Fwp%2Fv2%2Fcomments&post=286920"}],"version-history":[{"count":1,"href":"https:\/\/elluchador.info\/index.php?rest_route=\/wp\/v2\/posts\/286920\/revisions"}],"predecessor-version":[{"id":286924,"href":"https:\/\/elluchador.info\/index.php?rest_route=\/wp\/v2\/posts\/286920\/revisions\/286924"}],"wp:featuredmedia":[{"embeddable":true,"href":"https:\/\/elluchador.info\/index.php?rest_route=\/wp\/v2\/media\/286923"}],"wp:attachment":[{"href":"https:\/\/elluchador.info\/index.php?rest_route=%2Fwp%2Fv2%2Fmedia&parent=286920"}],"wp:term":[{"taxonomy":"category","embeddable":true,"href":"https:\/\/elluchador.info\/index.php?rest_route=%2Fwp%2Fv2%2Fcategories&post=286920"},{"taxonomy":"post_tag","embeddable":true,"href":"https:\/\/elluchador.info\/index.php?rest_route=%2Fwp%2Fv2%2Ftags&post=286920"}],"curies":[{"name":"wp","href":"https:\/\/api.w.org\/{rel}","templated":true}]}}