{"id":287065,"date":"2025-08-15T11:31:37","date_gmt":"2025-08-15T15:31:37","guid":{"rendered":"https:\/\/elluchador.info\/?p=287065"},"modified":"2025-08-15T11:31:50","modified_gmt":"2025-08-15T15:31:50","slug":"nicolas-fonseca-para-mi-la-bicicleta-es-una-fuente-de-felicidad","status":"publish","type":"post","link":"https:\/\/elluchador.info\/?p=287065","title":{"rendered":"Nicol\u00e1s Fonseca:\u00a0Para m\u00ed la bicicleta es una fuente de felicidad"},"content":{"rendered":"\n<p>A primera vista, Nicol\u00e1s Fonseca, nuestra personalidad de la semana, se muestra callado, observador, expectante. Sin embargo, al entablar una conversaci\u00f3n con \u00e9l, esa impresi\u00f3n cambia. Con tan solo 15 a\u00f1os demuestra una madurez sorprendente, sus palabras reflejan determinaci\u00f3n, y al hablar de su deporte, el ciclismo, sus ojos brillan, y, quiz\u00e1s sin saberlo, m\u00e1s all\u00e1 de su gran estatura, dentro de \u00e9l hay un gigante impulsado por el amor a los pedales.<\/p>\n\n\n\n<p>Este talentoso deportista bolivarense cursa cuarto a\u00f1o de bachillerato, y gracias a su esfuerzo y dedicaci\u00f3n hoy en d\u00eda figura entre los cuatro mejores ciclistas del pa\u00eds en la categor\u00eda Pre-juvenil.<\/p>\n\n\n<div class=\"wp-block-image\">\n<figure class=\"alignleft size-large is-resized\"><img loading=\"lazy\" decoding=\"async\" width=\"819\" height=\"1024\" src=\"https:\/\/elluchador.info\/wp-content\/uploads\/2025\/08\/02-819x1024.png\" alt=\"\" class=\"wp-image-287066\" style=\"width:333px;height:auto\" srcset=\"https:\/\/elluchador.info\/wp-content\/uploads\/2025\/08\/02-819x1024.png 819w, https:\/\/elluchador.info\/wp-content\/uploads\/2025\/08\/02-240x300.png 240w, https:\/\/elluchador.info\/wp-content\/uploads\/2025\/08\/02-768x960.png 768w, https:\/\/elluchador.info\/wp-content\/uploads\/2025\/08\/02-150x188.png 150w, https:\/\/elluchador.info\/wp-content\/uploads\/2025\/08\/02-300x375.png 300w, https:\/\/elluchador.info\/wp-content\/uploads\/2025\/08\/02-696x870.png 696w, https:\/\/elluchador.info\/wp-content\/uploads\/2025\/08\/02.png 1024w\" sizes=\"auto, (max-width: 819px) 100vw, 819px\" \/><\/figure>\n<\/div>\n\n\n<p>Empez\u00f3 en el mundo del ciclismo durante la pandemia, gracias a la motivaci\u00f3n que le proporcionaron sus t\u00edos, su pap\u00e1 y su abuelo, quienes sal\u00edan todos los d\u00edas a montar bicicleta.<\/p>\n\n\n\n<p>\u201cMe fui un d\u00eda con ellos solo por curiosidad y me gust\u00f3\u201d, confiesa. As\u00ed se uni\u00f3 al Team familiar, hasta que con el pasar del tiempo esa curiosidad se transform\u00f3 en lo que hoy en d\u00eda es su pasi\u00f3n, convirti\u00e9ndose en uno de los mejores ciclistas a nivel nacional.<\/p>\n\n\n\n<p><strong>Un debut triunfal<\/strong><\/p>\n\n\n\n<p>\u201cLleg\u00f3 el momento de correr mi primera carrera. Eso fue en Puerto Ordaz. Ya hab\u00edan pasado 6 meses desde esa primera preparaci\u00f3n. Qued\u00e9 de segundo lugar. A partir de entonces decid\u00ed enfocarme en los entrenamientos\u201d, relata Nicol\u00e1s.<\/p>\n\n\n\n<p>Luego vinieron m\u00e1s competencias en las que siempre quedaba de segundo, hasta que por fin prob\u00f3 la gloria, el esfuerzo brind\u00f3 sus frutos al apoderarse del primer lugar. Desde ese entonces los triunfos de este jovencito han sido avasallantes.<\/p>\n\n\n<div class=\"wp-block-image\">\n<figure class=\"aligncenter size-large is-resized\"><img loading=\"lazy\" decoding=\"async\" width=\"856\" height=\"1024\" src=\"https:\/\/elluchador.info\/wp-content\/uploads\/2025\/08\/03-1-856x1024.png\" alt=\"\" class=\"wp-image-287068\" style=\"width:448px;height:auto\" srcset=\"https:\/\/elluchador.info\/wp-content\/uploads\/2025\/08\/03-1-856x1024.png 856w, https:\/\/elluchador.info\/wp-content\/uploads\/2025\/08\/03-1-251x300.png 251w, https:\/\/elluchador.info\/wp-content\/uploads\/2025\/08\/03-1-768x919.png 768w, https:\/\/elluchador.info\/wp-content\/uploads\/2025\/08\/03-1-150x179.png 150w, https:\/\/elluchador.info\/wp-content\/uploads\/2025\/08\/03-1-300x359.png 300w, https:\/\/elluchador.info\/wp-content\/uploads\/2025\/08\/03-1-696x833.png 696w, https:\/\/elluchador.info\/wp-content\/uploads\/2025\/08\/03-1-1068x1278.png 1068w, https:\/\/elluchador.info\/wp-content\/uploads\/2025\/08\/03-1.png 1070w\" sizes=\"auto, (max-width: 856px) 100vw, 856px\" \/><\/figure>\n<\/div>\n\n\n<p>\u201cAl a\u00f1o siguiente la historia fue a la inversa. Gan\u00e9 todas las competencias en las que particip\u00e9. Luego cambi\u00e9 de categor\u00eda, me toc\u00f3 competir a nivel nacional con atletas un a\u00f1o mayor que yo. En esa competencia qued\u00e9 de quinto\u201d, relata.<\/p>\n\n\n\n<p>Luego vino la gloria al titularse por primera vez campe\u00f3n nacional.<\/p>\n\n\n\n<p><strong>Remontada \u00e9pica<\/strong><\/p>\n\n\n\n<p>Este a\u00f1o, compitiendo tambi\u00e9n con j\u00f3venes de mayor edad, alcanz\u00f3 el destacado cuarto lugar, entre los mejores del pa\u00eds; pero, dicho triunfo vino acompa\u00f1ado por una experiencia inolvidable para nuestro entrevistado.<\/p>\n\n\n\n<p>En la exigente prueba de la modalidad XCC que define la posici\u00f3n en la que saldr\u00e1 un atleta el d\u00eda de la competencia, Nicol\u00e1s sufri\u00f3 una aparatosa ca\u00edda y no pudo concluir. Sin embargo, su esp\u00edritu de luchador incansable permaneci\u00f3 intacto.<\/p>\n\n\n<div class=\"wp-block-image\">\n<figure class=\"alignleft size-full is-resized\"><img loading=\"lazy\" decoding=\"async\" width=\"920\" height=\"613\" src=\"https:\/\/elluchador.info\/wp-content\/uploads\/2025\/08\/04-.png\" alt=\"\" class=\"wp-image-287069\" style=\"width:572px;height:auto\" srcset=\"https:\/\/elluchador.info\/wp-content\/uploads\/2025\/08\/04-.png 920w, https:\/\/elluchador.info\/wp-content\/uploads\/2025\/08\/04--300x200.png 300w, https:\/\/elluchador.info\/wp-content\/uploads\/2025\/08\/04--768x512.png 768w, https:\/\/elluchador.info\/wp-content\/uploads\/2025\/08\/04--150x100.png 150w, https:\/\/elluchador.info\/wp-content\/uploads\/2025\/08\/04--696x464.png 696w\" sizes=\"auto, (max-width: 920px) 100vw, 920px\" \/><\/figure>\n<\/div>\n\n\n<p>\u201cAl d\u00eda siguiente sal\u00ed de \u00faltimo en la competencia, m\u00e1s de 50 atletas iban delante de m\u00ed. No perd\u00ed la fe en Dios. Poco a poco fui remontando. En las tres primeras vueltas ya iba en la sexta posici\u00f3n y en la \u00faltima remont\u00e9 y finalic\u00e9 cuarto. Para m\u00ed fue un gran logr\u00f3 y un gran aprendizaje\u201d, afirma.<\/p>\n\n\n\n<p><strong>Un nivel de exigencia que marca diferencias<\/strong><\/p>\n\n\n\n<p>Nicol\u00e1s manifiesta que su rutina de entrenamiento combinada con sus estudios a veces es dif\u00edcil, pero siempre sale adelante con todo.<\/p>\n\n\n\n<p>\u201cMi entrenamiento se basa en una aplicaci\u00f3n integral que maneja mi profesor, Jos\u00e9 Rosario. El monitoreo es constante. Es un entrenamiento individual diario combinado con ruta, gimnasio y monta\u00f1a cuando voy a competir. A veces se me complica porque adem\u00e1s de estudiar tambi\u00e9n hago cursos. En ocasiones es dif\u00edcil cumplir con todo, pero siempre resuelvo\u201d, determina.<\/p>\n\n\n\n<p>Nicol\u00e1s compite tanto en MTB&nbsp;(Mountain Bike) como en ruta. Ha quedado campe\u00f3n nacional en dos ocasiones. Tambi\u00e9n se enfoca en participar en torneos de alto nivel para foguearse y mantener su ritmo de carreras y medir su progreso.<\/p>\n\n\n\n<p><strong>Una pasi\u00f3n<\/strong><\/p>\n\n\n\n<p>Para este talentoso atleta, que se ha encargado de dejar al estado Bol\u00edvar en sitial de honor en cada competici\u00f3n, el ciclismo es m\u00e1s que un deporte.<\/p>\n\n\n\n<p>\u201cPara m\u00ed la bicicleta es como una fuente de felicidad. Yo no puedo pasar una semana sin montar bicicleta. Esto pas\u00f3 de ser un hobby a ser mi gran pasi\u00f3n\u201d.<\/p>\n\n\n<div class=\"wp-block-image\">\n<figure class=\"alignleft size-large is-resized\"><img loading=\"lazy\" decoding=\"async\" width=\"683\" height=\"1024\" src=\"https:\/\/elluchador.info\/wp-content\/uploads\/2025\/08\/05--683x1024.png\" alt=\"\" class=\"wp-image-287070\" style=\"width:414px;height:auto\" srcset=\"https:\/\/elluchador.info\/wp-content\/uploads\/2025\/08\/05--683x1024.png 683w, https:\/\/elluchador.info\/wp-content\/uploads\/2025\/08\/05--200x300.png 200w, https:\/\/elluchador.info\/wp-content\/uploads\/2025\/08\/05--768x1152.png 768w, https:\/\/elluchador.info\/wp-content\/uploads\/2025\/08\/05--1024x1536.png 1024w, https:\/\/elluchador.info\/wp-content\/uploads\/2025\/08\/05--1365x2048.png 1365w, https:\/\/elluchador.info\/wp-content\/uploads\/2025\/08\/05--150x225.png 150w, https:\/\/elluchador.info\/wp-content\/uploads\/2025\/08\/05--300x450.png 300w, https:\/\/elluchador.info\/wp-content\/uploads\/2025\/08\/05--696x1044.png 696w, https:\/\/elluchador.info\/wp-content\/uploads\/2025\/08\/05--1068x1602.png 1068w, https:\/\/elluchador.info\/wp-content\/uploads\/2025\/08\/05-.png 1424w\" sizes=\"auto, (max-width: 683px) 100vw, 683px\" \/><\/figure>\n<\/div>\n\n\n<p><strong>Sue\u00f1os a lo grande<\/strong><\/p>\n\n\n\n<p>Nicol\u00e1s es un visionario. Sue\u00f1a con ser piloto comercial, pero su mayor anhelo es llegar a competir en los prestigiosos circuitos de world tour.<\/p>\n\n\n\n<p>\u201cMe imagino corriendo en carreras emblem\u00e1ticas como los tours de Francia, Italia o Espa\u00f1a; en carreras de un d\u00eda como San Remo, en donde corren los mejores del mundo; en la liga profesional, y en MTB en carreras mundiales. Para llegar all\u00e1 debo \u00b4pedalear\u00b4 bastante\u201d.<\/p>\n\n\n\n<p><strong>Agradecimiento<\/strong><\/p>\n\n\n\n<p>Finalmente, el joven elev\u00f3 un agradecimiento a las personas que han sido clave para su evoluci\u00f3n en el ciclismo hasta ahora.<\/p>\n\n\n\n<p>\u201cTenemos el apoyo del team Tribike IMGC,&nbsp;que es mi equipo. Quiero agradecer al se\u00f1or Jos\u00e9 Castillo y a la se\u00f1ora Katherina Pacheco, a Diego Gonz\u00e1lez, a Javier P\u00e1ez y a mi entrenador Jos\u00e9 Rosario. En general, a todos los que me apoyan\u201d.<\/p>\n\n\n\n<p><strong>Mensaje para los j\u00f3venes<\/strong><\/p>\n\n\n\n<p>Para despedir la entrevista, Nicol\u00e1s comparti\u00f3 un mensaje para todos los chamos de su edad que as\u00ed como \u00e9l, est\u00e1n en la b\u00fasqueda de dejar huella en las actividades a las que se dedican.<\/p>\n\n\n\n<p>\u201cPara progresar se debe tener disciplina y constancia. Ese es el secreto para triunfar. Otro punto es no abandonar los sue\u00f1os, hay que ser persistente. Hay que tener claro que no siempre vamos a ganar. Si ganas es excelente, pero si pierdes debes ver el aprendizaje adquirido\u201d, sentencia.<\/p>\n\n\n\n<p><strong>Padres orgullosos<\/strong><\/p>\n\n\n\n<p>\u201cNosotros siempre lo hemos apoyado en todo. Vamos a darlo todo por \u00e9l para que llegue a sus metas. Es un compromiso de nosotros como padres, de sus t\u00edos y sus abuelos. A veces no es f\u00e1cil, pero siempre nos complementamos y salimos adelante. So\u00f1amos con vernos en las gradas en un tour internacional para esperar a nuestro campe\u00f3n\u201d, dice Glorimar Guape, madre de Nicol\u00e1s, en nombre de toda su familia.<\/p>\n\n\n\n<p><strong>Gledis Bonilla<\/strong><\/p>\n","protected":false},"excerpt":{"rendered":"<p>A primera vista, Nicol\u00e1s Fonseca, nuestra personalidad de la semana, se muestra callado, observador, expectante. Sin embargo, al entablar una conversaci\u00f3n con \u00e9l, esa impresi\u00f3n cambia. Con tan solo 15 a\u00f1os demuestra una madurez sorprendente, sus palabras reflejan determinaci\u00f3n, y al hablar de su deporte, el ciclismo, sus ojos brillan, y, quiz\u00e1s sin saberlo, m\u00e1s [&hellip;]<\/p>\n","protected":false},"author":33,"featured_media":287071,"comment_status":"closed","ping_status":"closed","sticky":false,"template":"","format":"standard","meta":{"footnotes":""},"categories":[1496],"tags":[306,3079],"class_list":{"0":"post-287065","1":"post","2":"type-post","3":"status-publish","4":"format-standard","5":"has-post-thumbnail","7":"category-especial","8":"tag-ciudad-bolivar","9":"tag-talento"},"_links":{"self":[{"href":"https:\/\/elluchador.info\/index.php?rest_route=\/wp\/v2\/posts\/287065","targetHints":{"allow":["GET"]}}],"collection":[{"href":"https:\/\/elluchador.info\/index.php?rest_route=\/wp\/v2\/posts"}],"about":[{"href":"https:\/\/elluchador.info\/index.php?rest_route=\/wp\/v2\/types\/post"}],"author":[{"embeddable":true,"href":"https:\/\/elluchador.info\/index.php?rest_route=\/wp\/v2\/users\/33"}],"replies":[{"embeddable":true,"href":"https:\/\/elluchador.info\/index.php?rest_route=%2Fwp%2Fv2%2Fcomments&post=287065"}],"version-history":[{"count":1,"href":"https:\/\/elluchador.info\/index.php?rest_route=\/wp\/v2\/posts\/287065\/revisions"}],"predecessor-version":[{"id":287072,"href":"https:\/\/elluchador.info\/index.php?rest_route=\/wp\/v2\/posts\/287065\/revisions\/287072"}],"wp:featuredmedia":[{"embeddable":true,"href":"https:\/\/elluchador.info\/index.php?rest_route=\/wp\/v2\/media\/287071"}],"wp:attachment":[{"href":"https:\/\/elluchador.info\/index.php?rest_route=%2Fwp%2Fv2%2Fmedia&parent=287065"}],"wp:term":[{"taxonomy":"category","embeddable":true,"href":"https:\/\/elluchador.info\/index.php?rest_route=%2Fwp%2Fv2%2Fcategories&post=287065"},{"taxonomy":"post_tag","embeddable":true,"href":"https:\/\/elluchador.info\/index.php?rest_route=%2Fwp%2Fv2%2Ftags&post=287065"}],"curies":[{"name":"wp","href":"https:\/\/api.w.org\/{rel}","templated":true}]}}