{"id":287082,"date":"2025-08-15T15:05:40","date_gmt":"2025-08-15T19:05:40","guid":{"rendered":"https:\/\/elluchador.info\/?p=287082"},"modified":"2025-08-15T15:05:45","modified_gmt":"2025-08-15T19:05:45","slug":"autoridades-inspeccionan-zonas-afectadas-por-la-crecida-del-orinoco","status":"publish","type":"post","link":"https:\/\/elluchador.info\/?p=287082","title":{"rendered":"Autoridades inspeccionan zonas afectadas por la crecida del Orinoco"},"content":{"rendered":"\n<p>Con el objetivo de reforzar las pol\u00edticas preventivas ante el aumento del caudal del r\u00edo Orinoco, una comitiva de alto nivel realiz\u00f3 un recorrido de inspecci\u00f3n por las \u00e1reas afectadas del municipio Angostura del Orinoco. En la jornada participaron el alcalde Sergio Hern\u00e1ndez y el viceministro para la Gesti\u00f3n de Riesgo y Protecci\u00f3n Civil, Juan Carlos Oti.<\/p>\n\n\n\n<p>Durante la visita, las autoridades evaluaron la situaci\u00f3n de los sectores m\u00e1s vulnerables por la crecida del \u201cr\u00edo Padre\u201d. Esta acci\u00f3n forma parte de los esfuerzos conjuntos entre el gobierno local y nacional para resguardar la seguridad y el bienestar de las familias afectadas.<\/p>\n\n\n\n<p>Posteriormente, la comisi\u00f3n se traslad\u00f3 al municipio Independencia, en el estado Anzo\u00e1tegui, donde fueron recibidos por el alcalde Hern\u00e1n Rodr\u00edguez. El encuentro tuvo como prop\u00f3sito coordinar acciones intermunicipales y regionales, consolidando un compromiso unificado para proteger a los habitantes de las riberas del Orinoco.<\/p>\n\n\n\n<p>Actualmente, el nivel del r\u00edo se encuentra a solo seis cent\u00edmetros de la activaci\u00f3n de la alerta roja. Por ello, un equipo multidisciplinario de prevenci\u00f3n y seguridad permanece desplegado de forma permanente para brindar atenci\u00f3n y asistencia oportuna a las comunidades en riesgo.<\/p>\n","protected":false},"excerpt":{"rendered":"<p>Con el objetivo de reforzar las pol\u00edticas preventivas ante el aumento del caudal del r\u00edo Orinoco, una comitiva de alto nivel realiz\u00f3 un recorrido de inspecci\u00f3n por las \u00e1reas afectadas del municipio Angostura del Orinoco. En la jornada participaron el alcalde Sergio Hern\u00e1ndez y el viceministro para la Gesti\u00f3n de Riesgo y Protecci\u00f3n Civil, Juan [&hellip;]<\/p>\n","protected":false},"author":33,"featured_media":287084,"comment_status":"closed","ping_status":"closed","sticky":false,"template":"","format":"standard","meta":{"footnotes":""},"categories":[5,20],"tags":[185,306],"class_list":{"0":"post-287082","1":"post","2":"type-post","3":"status-publish","4":"format-standard","5":"has-post-thumbnail","7":"category-destacado","8":"category-municipal","9":"tag-bolivar","10":"tag-ciudad-bolivar"},"_links":{"self":[{"href":"https:\/\/elluchador.info\/index.php?rest_route=\/wp\/v2\/posts\/287082","targetHints":{"allow":["GET"]}}],"collection":[{"href":"https:\/\/elluchador.info\/index.php?rest_route=\/wp\/v2\/posts"}],"about":[{"href":"https:\/\/elluchador.info\/index.php?rest_route=\/wp\/v2\/types\/post"}],"author":[{"embeddable":true,"href":"https:\/\/elluchador.info\/index.php?rest_route=\/wp\/v2\/users\/33"}],"replies":[{"embeddable":true,"href":"https:\/\/elluchador.info\/index.php?rest_route=%2Fwp%2Fv2%2Fcomments&post=287082"}],"version-history":[{"count":1,"href":"https:\/\/elluchador.info\/index.php?rest_route=\/wp\/v2\/posts\/287082\/revisions"}],"predecessor-version":[{"id":287083,"href":"https:\/\/elluchador.info\/index.php?rest_route=\/wp\/v2\/posts\/287082\/revisions\/287083"}],"wp:featuredmedia":[{"embeddable":true,"href":"https:\/\/elluchador.info\/index.php?rest_route=\/wp\/v2\/media\/287084"}],"wp:attachment":[{"href":"https:\/\/elluchador.info\/index.php?rest_route=%2Fwp%2Fv2%2Fmedia&parent=287082"}],"wp:term":[{"taxonomy":"category","embeddable":true,"href":"https:\/\/elluchador.info\/index.php?rest_route=%2Fwp%2Fv2%2Fcategories&post=287082"},{"taxonomy":"post_tag","embeddable":true,"href":"https:\/\/elluchador.info\/index.php?rest_route=%2Fwp%2Fv2%2Ftags&post=287082"}],"curies":[{"name":"wp","href":"https:\/\/api.w.org\/{rel}","templated":true}]}}