{"id":287233,"date":"2025-08-17T13:33:58","date_gmt":"2025-08-17T17:33:58","guid":{"rendered":"https:\/\/elluchador.info\/?p=287233"},"modified":"2025-08-17T13:34:49","modified_gmt":"2025-08-17T17:34:49","slug":"ministro-de-defensa-vladimir-padrino-lopez-cuestiona-despliegue-militar-de-ee-uu-en-el-mar-caribe","status":"publish","type":"post","link":"https:\/\/elluchador.info\/?p=287233","title":{"rendered":"Ministro de Defensa Vladimir Padrino L\u00f3pez cuestiona despliegue militar de EE.UU. en el mar Caribe"},"content":{"rendered":"\n<p>El ministro para la Defensa de Venezuela, Vladimir Padrino L\u00f3pez, critic\u00f3 duramente el despliegue militar de Estados Unidos en el mar Caribe, calific\u00e1ndolo como un pretexto para una posible agresi\u00f3n contra la naci\u00f3n sudamericana.<\/p>\n\n\n\n<p>A trav\u00e9s de un video compartido en su cuenta de Instagram, Padrino L\u00f3pez sostuvo que la justificaci\u00f3n de combatir el narcotr\u00e1fico es una narrativa \u00abconstruida sobre la manipulaci\u00f3n y de hechos infundados\u00bb que busca legitimar acciones hostiles contra Venezuela.<\/p>\n\n\n\n<p>El ministro cuestion\u00f3 la ubicaci\u00f3n del despliegue: \u00ab\u00bfPor qu\u00e9 no en el Pac\u00edfico, por donde se trafica la mayor parte de la droga que va hacia EE. UU.? \u00bfSer\u00e1 que el problema es el Caribe, o el verdadero problema es Venezuela?\u00bb. Con esta pregunta, sugiri\u00f3 que la presencia militar estadounidense en la regi\u00f3n tiene un prop\u00f3sito ulterior al declarado.<\/p>\n\n\n\n<p>Adem\u00e1s, Padrino L\u00f3pez, acus\u00f3 a Estados Unidos de emplear su \u00abaparato medi\u00e1tico\u00bb para \u00abconvertir mentiras en verdades\u00bb y de operar en un entorno de \u00abdesamparo internacional, donde las reglas del derecho no existen\u00bb.<\/p>\n\n\n\n<p>Con informaci\u00f3n de <strong>agencias<\/strong><\/p>\n","protected":false},"excerpt":{"rendered":"<p>El ministro para la Defensa de Venezuela, Vladimir Padrino L\u00f3pez, critic\u00f3 duramente el despliegue militar de Estados Unidos en el mar Caribe, calific\u00e1ndolo como un pretexto para una posible agresi\u00f3n contra la naci\u00f3n sudamericana. A trav\u00e9s de un video compartido en su cuenta de Instagram, Padrino L\u00f3pez sostuvo que la justificaci\u00f3n de combatir el narcotr\u00e1fico [&hellip;]<\/p>\n","protected":false},"author":38,"featured_media":287234,"comment_status":"closed","ping_status":"closed","sticky":false,"template":"","format":"standard","meta":{"footnotes":""},"categories":[11],"tags":[105],"class_list":{"0":"post-287233","1":"post","2":"type-post","3":"status-publish","4":"format-standard","5":"has-post-thumbnail","7":"category-politica","8":"tag-venezuela"},"_links":{"self":[{"href":"https:\/\/elluchador.info\/index.php?rest_route=\/wp\/v2\/posts\/287233","targetHints":{"allow":["GET"]}}],"collection":[{"href":"https:\/\/elluchador.info\/index.php?rest_route=\/wp\/v2\/posts"}],"about":[{"href":"https:\/\/elluchador.info\/index.php?rest_route=\/wp\/v2\/types\/post"}],"author":[{"embeddable":true,"href":"https:\/\/elluchador.info\/index.php?rest_route=\/wp\/v2\/users\/38"}],"replies":[{"embeddable":true,"href":"https:\/\/elluchador.info\/index.php?rest_route=%2Fwp%2Fv2%2Fcomments&post=287233"}],"version-history":[{"count":1,"href":"https:\/\/elluchador.info\/index.php?rest_route=\/wp\/v2\/posts\/287233\/revisions"}],"predecessor-version":[{"id":287235,"href":"https:\/\/elluchador.info\/index.php?rest_route=\/wp\/v2\/posts\/287233\/revisions\/287235"}],"wp:featuredmedia":[{"embeddable":true,"href":"https:\/\/elluchador.info\/index.php?rest_route=\/wp\/v2\/media\/287234"}],"wp:attachment":[{"href":"https:\/\/elluchador.info\/index.php?rest_route=%2Fwp%2Fv2%2Fmedia&parent=287233"}],"wp:term":[{"taxonomy":"category","embeddable":true,"href":"https:\/\/elluchador.info\/index.php?rest_route=%2Fwp%2Fv2%2Fcategories&post=287233"},{"taxonomy":"post_tag","embeddable":true,"href":"https:\/\/elluchador.info\/index.php?rest_route=%2Fwp%2Fv2%2Ftags&post=287233"}],"curies":[{"name":"wp","href":"https:\/\/api.w.org\/{rel}","templated":true}]}}