{"id":287285,"date":"2025-08-18T08:10:23","date_gmt":"2025-08-18T12:10:23","guid":{"rendered":"https:\/\/elluchador.info\/?p=287285"},"modified":"2025-08-18T08:10:54","modified_gmt":"2025-08-18T12:10:54","slug":"familias-de-amores-y-amorios-afectadas-por-la-crecida-del-orinoco","status":"publish","type":"post","link":"https:\/\/elluchador.info\/?p=287285","title":{"rendered":"Familias de Amores y Amor\u00edos afectadas por la crecida del Orinoco"},"content":{"rendered":"\n<p>La crecida del r\u00edo Orinoco y el desborde de la laguna de Los Franco han afectado a m\u00e1s de diez viviendas en la calle Jun\u00edn, sector Amores y Amor\u00edos, donde vecinos reportan que el agua ya ha ingresado a sus hogares, generando condiciones de riesgo.<\/p>\n\n\n\n<p>Antonio Reyes, relat\u00f3 su preocupaci\u00f3n junto a su familia, ya que el agua alcanz\u00f3 los alrededores de su vivienda. \u201cEsto ya lo vivimos en 2018 y nuevamente estamos en la misma situaci\u00f3n. Las lluvias no cesan y el r\u00edo sigue creciendo. Es preocupante porque el agua pr\u00e1cticamente ya est\u00e1 dentro de la casa y no tenemos a d\u00f3nde ir\u201d, expres\u00f3.<\/p>\n\n\n\n<p>En otro caso, la se\u00f1ora Mercedes Hamerson, adulta mayor, debi\u00f3 ser evacuada por sus hijos tras permanecer varios d\u00edas con la vivienda anegada y presentar problemas de salud.<br>Nilsa Espa\u00f1a, madre de dos ni\u00f1as peque\u00f1as, se\u00f1al\u00f3 que el agua de la laguna se ha extendido por todo su patio y amenaza con entrar a su casa. \u201cYa no podemos usar los ba\u00f1os porque est\u00e1n colapsados\u201d, indic\u00f3.<\/p>\n\n\n\n<p>Por su parte, Erika Gonz\u00e1lez, manifest\u00f3 que el agua del Orinoco ha invadido varias casas del sector y advirti\u00f3 sobre los riesgos por la presencia de animales arrastrados por la corriente. \u201cAqu\u00ed hay ni\u00f1os peque\u00f1os. En 2018 estuvimos en refugios y no queremos repetir esa situaci\u00f3n. Pedimos a las autoridades que nos reubiquen en un lugar m\u00e1s seguro\u201d, reclam\u00f3.<\/p>\n\n\n\n<p>Yanitza Mart\u00ednez<\/p>\n","protected":false},"excerpt":{"rendered":"<p>La crecida del r\u00edo Orinoco y el desborde de la laguna de Los Franco han afectado a m\u00e1s de diez viviendas en la calle Jun\u00edn, sector Amores y Amor\u00edos, donde vecinos reportan que el agua ya ha ingresado a sus hogares, generando condiciones de riesgo. Antonio Reyes, relat\u00f3 su preocupaci\u00f3n junto a su familia, ya [&hellip;]<\/p>\n","protected":false},"author":38,"featured_media":287286,"comment_status":"closed","ping_status":"closed","sticky":false,"template":"","format":"standard","meta":{"footnotes":""},"categories":[2],"tags":[185,306,105],"class_list":{"0":"post-287285","1":"post","2":"type-post","3":"status-publish","4":"format-standard","5":"has-post-thumbnail","7":"category-comunidad","8":"tag-bolivar","9":"tag-ciudad-bolivar","10":"tag-venezuela"},"_links":{"self":[{"href":"https:\/\/elluchador.info\/index.php?rest_route=\/wp\/v2\/posts\/287285","targetHints":{"allow":["GET"]}}],"collection":[{"href":"https:\/\/elluchador.info\/index.php?rest_route=\/wp\/v2\/posts"}],"about":[{"href":"https:\/\/elluchador.info\/index.php?rest_route=\/wp\/v2\/types\/post"}],"author":[{"embeddable":true,"href":"https:\/\/elluchador.info\/index.php?rest_route=\/wp\/v2\/users\/38"}],"replies":[{"embeddable":true,"href":"https:\/\/elluchador.info\/index.php?rest_route=%2Fwp%2Fv2%2Fcomments&post=287285"}],"version-history":[{"count":1,"href":"https:\/\/elluchador.info\/index.php?rest_route=\/wp\/v2\/posts\/287285\/revisions"}],"predecessor-version":[{"id":287287,"href":"https:\/\/elluchador.info\/index.php?rest_route=\/wp\/v2\/posts\/287285\/revisions\/287287"}],"wp:featuredmedia":[{"embeddable":true,"href":"https:\/\/elluchador.info\/index.php?rest_route=\/wp\/v2\/media\/287286"}],"wp:attachment":[{"href":"https:\/\/elluchador.info\/index.php?rest_route=%2Fwp%2Fv2%2Fmedia&parent=287285"}],"wp:term":[{"taxonomy":"category","embeddable":true,"href":"https:\/\/elluchador.info\/index.php?rest_route=%2Fwp%2Fv2%2Fcategories&post=287285"},{"taxonomy":"post_tag","embeddable":true,"href":"https:\/\/elluchador.info\/index.php?rest_route=%2Fwp%2Fv2%2Ftags&post=287285"}],"curies":[{"name":"wp","href":"https:\/\/api.w.org\/{rel}","templated":true}]}}