{"id":287288,"date":"2025-08-18T08:12:53","date_gmt":"2025-08-18T12:12:53","guid":{"rendered":"https:\/\/elluchador.info\/?p=287288"},"modified":"2025-08-18T08:12:57","modified_gmt":"2025-08-18T12:12:57","slug":"preocupados-en-la-trinidad-i-por-proliferacion-de-caracoles","status":"publish","type":"post","link":"https:\/\/elluchador.info\/?p=287288","title":{"rendered":"Preocupados en La Trinidad I por proliferaci\u00f3n de caracoles"},"content":{"rendered":"\n<p>La comunidad de La Trinidad I, en la parroquia Vista Hermosa, con m\u00e1s de 2.500 habitantes, enfrenta un brote de caracoles que mantiene en alerta a sus vecinos. Los residentes aseguran que se trata del caracol africano, especie invasora que representa un riesgo para la salud.<\/p>\n\n\n\n<p>Los habitantes expresaron su preocupaci\u00f3n por la r\u00e1pida reproducci\u00f3n de este molusco, conocido por transmitir par\u00e1sitos y bacterias que pueden ocasionar enfermedades como meningitis, bronquitis, trastornos intestinales y encefalitis.<\/p>\n\n\n\n<p>Ante esta situaci\u00f3n, la comunidad solicit\u00f3 la intervenci\u00f3n de las autoridades sanitarias para constatar la problem\u00e1tica y aplicar medidas de control que permitan resguardar la salud de la poblaci\u00f3n.<\/p>\n\n\n\n<p><strong>Yanitza Mart\u00ednez<\/strong><\/p>\n","protected":false},"excerpt":{"rendered":"<p>La comunidad de La Trinidad I, en la parroquia Vista Hermosa, con m\u00e1s de 2.500 habitantes, enfrenta un brote de caracoles que mantiene en alerta a sus vecinos. Los residentes aseguran que se trata del caracol africano, especie invasora que representa un riesgo para la salud. Los habitantes expresaron su preocupaci\u00f3n por la r\u00e1pida reproducci\u00f3n [&hellip;]<\/p>\n","protected":false},"author":38,"featured_media":287290,"comment_status":"closed","ping_status":"closed","sticky":false,"template":"","format":"standard","meta":{"footnotes":""},"categories":[2],"tags":[185,306,105],"class_list":{"0":"post-287288","1":"post","2":"type-post","3":"status-publish","4":"format-standard","5":"has-post-thumbnail","7":"category-comunidad","8":"tag-bolivar","9":"tag-ciudad-bolivar","10":"tag-venezuela"},"_links":{"self":[{"href":"https:\/\/elluchador.info\/index.php?rest_route=\/wp\/v2\/posts\/287288","targetHints":{"allow":["GET"]}}],"collection":[{"href":"https:\/\/elluchador.info\/index.php?rest_route=\/wp\/v2\/posts"}],"about":[{"href":"https:\/\/elluchador.info\/index.php?rest_route=\/wp\/v2\/types\/post"}],"author":[{"embeddable":true,"href":"https:\/\/elluchador.info\/index.php?rest_route=\/wp\/v2\/users\/38"}],"replies":[{"embeddable":true,"href":"https:\/\/elluchador.info\/index.php?rest_route=%2Fwp%2Fv2%2Fcomments&post=287288"}],"version-history":[{"count":1,"href":"https:\/\/elluchador.info\/index.php?rest_route=\/wp\/v2\/posts\/287288\/revisions"}],"predecessor-version":[{"id":287291,"href":"https:\/\/elluchador.info\/index.php?rest_route=\/wp\/v2\/posts\/287288\/revisions\/287291"}],"wp:featuredmedia":[{"embeddable":true,"href":"https:\/\/elluchador.info\/index.php?rest_route=\/wp\/v2\/media\/287290"}],"wp:attachment":[{"href":"https:\/\/elluchador.info\/index.php?rest_route=%2Fwp%2Fv2%2Fmedia&parent=287288"}],"wp:term":[{"taxonomy":"category","embeddable":true,"href":"https:\/\/elluchador.info\/index.php?rest_route=%2Fwp%2Fv2%2Fcategories&post=287288"},{"taxonomy":"post_tag","embeddable":true,"href":"https:\/\/elluchador.info\/index.php?rest_route=%2Fwp%2Fv2%2Ftags&post=287288"}],"curies":[{"name":"wp","href":"https:\/\/api.w.org\/{rel}","templated":true}]}}