{"id":287308,"date":"2025-08-18T09:00:00","date_gmt":"2025-08-18T13:00:00","guid":{"rendered":"https:\/\/elluchador.info\/?p=287308"},"modified":"2025-08-18T08:27:43","modified_gmt":"2025-08-18T12:27:43","slug":"camara-de-comercio-organiza-jornada-con-inpsasel","status":"publish","type":"post","link":"https:\/\/elluchador.info\/?p=287308","title":{"rendered":"C\u00e1mara de Comercio organiza Jornada con INPSASEL"},"content":{"rendered":"\n<p>En un esfuerzo conjunto por promover el crecimiento empresarial sostenible, la C\u00e1mara de Comercio de Ciudad Bol\u00edvar y el Instituto Nacional de Prevenci\u00f3n, Salud y Seguridad Laborales (INPSASEL) realizar\u00e1n una jornada crucial para todos los emprendedores y empresarios de la regi\u00f3n.<\/p>\n\n\n\n<p>El presidente, Wuilfredo Carrasco, anunci\u00f3 que el pr\u00f3ximo viernes 22 de agosto, a partir de las 8:30 a.m., el Edificio de la C\u00e1mara de Comercio de Ciudad Bol\u00edvar se convertir\u00e1 en un punto de encuentro vital para la gesti\u00f3n empresarial. En esta jornada, los representantes de INPSASEL estar\u00e1n disponibles para ofrecer una atenci\u00f3n integral y personalizada.<\/p>\n\n\n\n<p>\u201cUna de las tareas m\u00e1s importantes para cualquier negocio es mantener al d\u00eda su documentaci\u00f3n. Esta es la oportunidad perfecta para entregar sus informes de INPSASEL y asegurarse de que su empresa est\u00e1 en regla. Esto no solo te evitar\u00e1 posibles sanciones, sino que tambi\u00e9n demuestra tu compromiso con la normativa laboral y el bienestar de tus empleados\u201d.<\/p>\n\n\n\n<p>A\u00f1adi\u00f3 Carrasco, que si el empresario tiene dudas sobre los procedimientos para registrarse o necesita orientaci\u00f3n sobre cualquier tr\u00e1mite relacionado con INPSASEL, esta es su oportunidad. \u201cExpertos en la materia estar\u00e1n all\u00ed para guiarte, aclarar sus inquietudes y facilitar los procesos\u201d.<\/p>\n\n\n\n<p>Esta iniciativa subraya el compromiso de la C\u00e1mara de Comercio de Ciudad Bol\u00edvar, de apoyar a sus miembros y a la comunidad empresarial en general.<br>\u00a1No dejes pasar esta valiosa oportunidad! Te esperamos el 22 de agosto en el Edificio de la C\u00e1mara de Comercio. Juntos, estamos construyendo el \u00e9xito empresarial, un paso a la vez.<\/p>\n\n\n\n<p>Con informaci\u00f3n de <strong>Prensa CCIEB<\/strong><\/p>\n","protected":false},"excerpt":{"rendered":"<p>En un esfuerzo conjunto por promover el crecimiento empresarial sostenible, la C\u00e1mara de Comercio de Ciudad Bol\u00edvar y el Instituto Nacional de Prevenci\u00f3n, Salud y Seguridad Laborales (INPSASEL) realizar\u00e1n una jornada crucial para todos los emprendedores y empresarios de la regi\u00f3n. El presidente, Wuilfredo Carrasco, anunci\u00f3 que el pr\u00f3ximo viernes 22 de agosto, a partir [&hellip;]<\/p>\n","protected":false},"author":38,"featured_media":287309,"comment_status":"closed","ping_status":"closed","sticky":false,"template":"","format":"standard","meta":{"footnotes":""},"categories":[20],"tags":[185,306,105],"class_list":{"0":"post-287308","1":"post","2":"type-post","3":"status-publish","4":"format-standard","5":"has-post-thumbnail","7":"category-municipal","8":"tag-bolivar","9":"tag-ciudad-bolivar","10":"tag-venezuela"},"_links":{"self":[{"href":"https:\/\/elluchador.info\/index.php?rest_route=\/wp\/v2\/posts\/287308","targetHints":{"allow":["GET"]}}],"collection":[{"href":"https:\/\/elluchador.info\/index.php?rest_route=\/wp\/v2\/posts"}],"about":[{"href":"https:\/\/elluchador.info\/index.php?rest_route=\/wp\/v2\/types\/post"}],"author":[{"embeddable":true,"href":"https:\/\/elluchador.info\/index.php?rest_route=\/wp\/v2\/users\/38"}],"replies":[{"embeddable":true,"href":"https:\/\/elluchador.info\/index.php?rest_route=%2Fwp%2Fv2%2Fcomments&post=287308"}],"version-history":[{"count":1,"href":"https:\/\/elluchador.info\/index.php?rest_route=\/wp\/v2\/posts\/287308\/revisions"}],"predecessor-version":[{"id":287310,"href":"https:\/\/elluchador.info\/index.php?rest_route=\/wp\/v2\/posts\/287308\/revisions\/287310"}],"wp:featuredmedia":[{"embeddable":true,"href":"https:\/\/elluchador.info\/index.php?rest_route=\/wp\/v2\/media\/287309"}],"wp:attachment":[{"href":"https:\/\/elluchador.info\/index.php?rest_route=%2Fwp%2Fv2%2Fmedia&parent=287308"}],"wp:term":[{"taxonomy":"category","embeddable":true,"href":"https:\/\/elluchador.info\/index.php?rest_route=%2Fwp%2Fv2%2Fcategories&post=287308"},{"taxonomy":"post_tag","embeddable":true,"href":"https:\/\/elluchador.info\/index.php?rest_route=%2Fwp%2Fv2%2Ftags&post=287308"}],"curies":[{"name":"wp","href":"https:\/\/api.w.org\/{rel}","templated":true}]}}