{"id":287344,"date":"2025-08-18T14:07:52","date_gmt":"2025-08-18T18:07:52","guid":{"rendered":"https:\/\/elluchador.info\/?p=287344"},"modified":"2025-08-18T14:08:25","modified_gmt":"2025-08-18T18:08:25","slug":"continuan-atendiendo-a-familias-afectadas-por-crecida-del-rio-orinoco-en-monagas","status":"publish","type":"post","link":"https:\/\/elluchador.info\/?p=287344","title":{"rendered":"Contin\u00faan atendiendo a familias afectadas por crecida del r\u00edo Orinoco en Monagas"},"content":{"rendered":"\n<p>Ante las afectaciones generadas por la crecida del r\u00edo Orinoco tras las intensas lluvias, el equipo de salud del estado Monagas despleg\u00f3 una jornada de atenci\u00f3n social a la comunidad fluvial Los Barrancos, en la parroquia Barrancas del Orinoco, municipio Sotillo.<\/p>\n\n\n\n<p>En un mensaje publicado en su cuenta de Telegram, la ministra del Poder Popular para la Salud, Magaly Guti\u00e9rrez, inform\u00f3 que se brindaron consultas en medicina general, medicina interna y pediatr\u00eda, as\u00ed como servicios esenciales de inmunizaci\u00f3n, desparasitaci\u00f3n, toma de tensi\u00f3n arterial y control de talla y peso.<\/p>\n\n\n\n<p>Asimismo, indic\u00f3 que los habitantes tambi\u00e9n recibieron asistencia con alimentaci\u00f3n, servicios de peluquer\u00eda y barber\u00eda, y momentos de recreaci\u00f3n para los ni\u00f1os, ofreciendo un respiro y apoyo integral tras la dif\u00edcil contingencia natural.<\/p>\n\n\n\n<p>\u201cTodo esto es posible gracias a nuestro presidente Nicol\u00e1s Maduro Moros, que d\u00eda a d\u00eda trabaja junto al pueblo, en cada adversidad, construyendo bienestar y esperanza\u201d, destac\u00f3.<\/p>\n\n\n\n<p>Este operativo representa una muestra concreta de solidaridad institucional y acci\u00f3n gubernamental ante situaciones de emergencia, reafirmando el compromiso de las autoridades con la salud y el bienestar de las comunidades m\u00e1s vulnerables.<\/p>\n\n\n\n<p>Con informaci\u00f3n <strong>VTV<\/strong><\/p>\n","protected":false},"excerpt":{"rendered":"<p>Ante las afectaciones generadas por la crecida del r\u00edo Orinoco tras las intensas lluvias, el equipo de salud del estado Monagas despleg\u00f3 una jornada de atenci\u00f3n social a la comunidad fluvial Los Barrancos, en la parroquia Barrancas del Orinoco, municipio Sotillo. En un mensaje publicado en su cuenta de Telegram, la ministra del Poder Popular [&hellip;]<\/p>\n","protected":false},"author":33,"featured_media":287345,"comment_status":"closed","ping_status":"closed","sticky":false,"template":"","format":"standard","meta":{"footnotes":""},"categories":[9],"tags":[2482,4559],"class_list":{"0":"post-287344","1":"post","2":"type-post","3":"status-publish","4":"format-standard","5":"has-post-thumbnail","7":"category-nacionales","8":"tag-monagas","9":"tag-rio-orinoco-2"},"_links":{"self":[{"href":"https:\/\/elluchador.info\/index.php?rest_route=\/wp\/v2\/posts\/287344","targetHints":{"allow":["GET"]}}],"collection":[{"href":"https:\/\/elluchador.info\/index.php?rest_route=\/wp\/v2\/posts"}],"about":[{"href":"https:\/\/elluchador.info\/index.php?rest_route=\/wp\/v2\/types\/post"}],"author":[{"embeddable":true,"href":"https:\/\/elluchador.info\/index.php?rest_route=\/wp\/v2\/users\/33"}],"replies":[{"embeddable":true,"href":"https:\/\/elluchador.info\/index.php?rest_route=%2Fwp%2Fv2%2Fcomments&post=287344"}],"version-history":[{"count":1,"href":"https:\/\/elluchador.info\/index.php?rest_route=\/wp\/v2\/posts\/287344\/revisions"}],"predecessor-version":[{"id":287346,"href":"https:\/\/elluchador.info\/index.php?rest_route=\/wp\/v2\/posts\/287344\/revisions\/287346"}],"wp:featuredmedia":[{"embeddable":true,"href":"https:\/\/elluchador.info\/index.php?rest_route=\/wp\/v2\/media\/287345"}],"wp:attachment":[{"href":"https:\/\/elluchador.info\/index.php?rest_route=%2Fwp%2Fv2%2Fmedia&parent=287344"}],"wp:term":[{"taxonomy":"category","embeddable":true,"href":"https:\/\/elluchador.info\/index.php?rest_route=%2Fwp%2Fv2%2Fcategories&post=287344"},{"taxonomy":"post_tag","embeddable":true,"href":"https:\/\/elluchador.info\/index.php?rest_route=%2Fwp%2Fv2%2Ftags&post=287344"}],"curies":[{"name":"wp","href":"https:\/\/api.w.org\/{rel}","templated":true}]}}