{"id":287403,"date":"2025-08-19T09:49:50","date_gmt":"2025-08-19T13:49:50","guid":{"rendered":"https:\/\/elluchador.info\/?p=287403"},"modified":"2025-08-19T09:49:54","modified_gmt":"2025-08-19T13:49:54","slug":"en-las-moreas-i-solicitan-plan-de-mantenimiento-vial","status":"publish","type":"post","link":"https:\/\/elluchador.info\/?p=287403","title":{"rendered":"En Las Moreas I solicitan plan de mantenimiento vial"},"content":{"rendered":"\n<p>\u200eHabitantes de la comunidad Las Moreas I, parroquia Catedral, hicieron un llamado a la gobernadora del estado Bol\u00edvar, Yulisbeth Garc\u00eda, y al alcalde del municipio Angostura del Orinoco, Sergio Hern\u00e1ndez, para que se ejecute con urgencia un plan de bacheo en las calles del sector.<br>\u200e<br>\u200eLas gr\u00e1ficas evidencian el avanzado deterioro de varias v\u00edas internas de la comunidad, especialmente en las calles San Agust\u00edn, Sexta, Central y Merecure, entre otras.<br>\u200e<br>\u200eEl mal estado del asfaltado dificulta la movilidad, incrementa los riesgos de seguridad vial y afecta la calidad de vida de los vecinos, quienes deben transitar a diario por la zona entre huecos y tramos sin pavimento.<br>\u200e<br>\u200e\u201cDesde hace tiempo no se realizan trabajos de bacheo en nuestro sector. Esperamos que tanto la Gobernaci\u00f3n como la Alcald\u00eda atiendan esta necesidad b\u00e1sica que afecta a toda la comunidad, aprovechando los planes de asfaltado que se est\u00e1n ejecutando\u201d, expres\u00f3 Noel Galito, dirigente vecinal de la parroquia Catedral.<br>\u200e<br><strong>\u200eYanitza Mart\u00ednez<\/strong><\/p>\n","protected":false},"excerpt":{"rendered":"<p>\u200eHabitantes de la comunidad Las Moreas I, parroquia Catedral, hicieron un llamado a la gobernadora del estado Bol\u00edvar, Yulisbeth Garc\u00eda, y al alcalde del municipio Angostura del Orinoco, Sergio Hern\u00e1ndez, para que se ejecute con urgencia un plan de bacheo en las calles del sector.\u200e\u200eLas gr\u00e1ficas evidencian el avanzado deterioro de varias v\u00edas internas de [&hellip;]<\/p>\n","protected":false},"author":33,"featured_media":287404,"comment_status":"closed","ping_status":"closed","sticky":false,"template":"","format":"standard","meta":{"footnotes":""},"categories":[2],"tags":[185,306],"class_list":{"0":"post-287403","1":"post","2":"type-post","3":"status-publish","4":"format-standard","5":"has-post-thumbnail","7":"category-comunidad","8":"tag-bolivar","9":"tag-ciudad-bolivar"},"_links":{"self":[{"href":"https:\/\/elluchador.info\/index.php?rest_route=\/wp\/v2\/posts\/287403","targetHints":{"allow":["GET"]}}],"collection":[{"href":"https:\/\/elluchador.info\/index.php?rest_route=\/wp\/v2\/posts"}],"about":[{"href":"https:\/\/elluchador.info\/index.php?rest_route=\/wp\/v2\/types\/post"}],"author":[{"embeddable":true,"href":"https:\/\/elluchador.info\/index.php?rest_route=\/wp\/v2\/users\/33"}],"replies":[{"embeddable":true,"href":"https:\/\/elluchador.info\/index.php?rest_route=%2Fwp%2Fv2%2Fcomments&post=287403"}],"version-history":[{"count":1,"href":"https:\/\/elluchador.info\/index.php?rest_route=\/wp\/v2\/posts\/287403\/revisions"}],"predecessor-version":[{"id":287405,"href":"https:\/\/elluchador.info\/index.php?rest_route=\/wp\/v2\/posts\/287403\/revisions\/287405"}],"wp:featuredmedia":[{"embeddable":true,"href":"https:\/\/elluchador.info\/index.php?rest_route=\/wp\/v2\/media\/287404"}],"wp:attachment":[{"href":"https:\/\/elluchador.info\/index.php?rest_route=%2Fwp%2Fv2%2Fmedia&parent=287403"}],"wp:term":[{"taxonomy":"category","embeddable":true,"href":"https:\/\/elluchador.info\/index.php?rest_route=%2Fwp%2Fv2%2Fcategories&post=287403"},{"taxonomy":"post_tag","embeddable":true,"href":"https:\/\/elluchador.info\/index.php?rest_route=%2Fwp%2Fv2%2Ftags&post=287403"}],"curies":[{"name":"wp","href":"https:\/\/api.w.org\/{rel}","templated":true}]}}