{"id":287497,"date":"2025-08-20T10:31:40","date_gmt":"2025-08-20T14:31:40","guid":{"rendered":"https:\/\/elluchador.info\/?p=287497"},"modified":"2025-08-20T10:31:44","modified_gmt":"2025-08-20T14:31:44","slug":"al-menos-71-fallecidos-dejo-accidente-de-transito-en-afganistan","status":"publish","type":"post","link":"https:\/\/elluchador.info\/?p=287497","title":{"rendered":"Al menos 71 fallecidos dej\u00f3 accidente de tr\u00e1nsito en Afganist\u00e1n"},"content":{"rendered":"\n<p>Este martes en horas de la noche se registr\u00f3 un accidente de tr\u00e1nsito en la provincia occidental de Herat, en Afganist\u00e1n, que dej\u00f3 como saldo negativo a 71 personas fallecidas, entre ellas 17 ni\u00f1os. El autob\u00fas que transportaba a migrantes deportados de Ir\u00e1n a Kabul se incendi\u00f3 tras chocar con un cami\u00f3n y una motocicleta, seg\u00fan ha detallado el portavoz del Gobierno provincial, Ahmadullah Muttaqi.<\/p>\n\n\n\n<p>\u201cLos bomberos llegaron al lugar del accidente r\u00e1pidamente, pero lamentablemente no pudieron salvar a las v\u00edctimas\u201d, explic\u00f3 Muttaqi. De acuerdo a los medios locales, solo tres pasajeros del autob\u00fas lograron sobrevivir, asimismo dos personas que viajaban en el cami\u00f3n tambi\u00e9n fallecieron.<\/p>\n\n\n\n<p>Las autoridades iran\u00edes informaron que el pasado lunes 1.2 millones de afganos han sido deportados durante los \u00faltimos seis meses, mientras que est\u00e1 previsto que otros 800 mil sean expulsados en los pr\u00f3ximos meses, antes de marzo de 2026.<\/p>\n\n\n\n<p>La Organizaci\u00f3n Internacional para las Migraciones (OIM) estima que unos 250 mil afganos fueron deportados solo en junio, pero los talibanes han aumentado esta cifra hasta los 600 mil, acelerada por los 12 d\u00edas de conflicto entre Ir\u00e1n e Israel.<\/p>\n\n\n\n<p>Con informaci\u00f3n <strong>Agencias.-<\/strong><\/p>\n","protected":false},"excerpt":{"rendered":"<p>Este martes en horas de la noche se registr\u00f3 un accidente de tr\u00e1nsito en la provincia occidental de Herat, en Afganist\u00e1n, que dej\u00f3 como saldo negativo a 71 personas fallecidas, entre ellas 17 ni\u00f1os. El autob\u00fas que transportaba a migrantes deportados de Ir\u00e1n a Kabul se incendi\u00f3 tras chocar con un cami\u00f3n y una motocicleta, [&hellip;]<\/p>\n","protected":false},"author":33,"featured_media":287498,"comment_status":"closed","ping_status":"closed","sticky":false,"template":"","format":"standard","meta":{"footnotes":""},"categories":[8],"tags":[1674,475],"class_list":{"0":"post-287497","1":"post","2":"type-post","3":"status-publish","4":"format-standard","5":"has-post-thumbnail","7":"category-internacionales","8":"tag-accidente","9":"tag-afganistan"},"_links":{"self":[{"href":"https:\/\/elluchador.info\/index.php?rest_route=\/wp\/v2\/posts\/287497","targetHints":{"allow":["GET"]}}],"collection":[{"href":"https:\/\/elluchador.info\/index.php?rest_route=\/wp\/v2\/posts"}],"about":[{"href":"https:\/\/elluchador.info\/index.php?rest_route=\/wp\/v2\/types\/post"}],"author":[{"embeddable":true,"href":"https:\/\/elluchador.info\/index.php?rest_route=\/wp\/v2\/users\/33"}],"replies":[{"embeddable":true,"href":"https:\/\/elluchador.info\/index.php?rest_route=%2Fwp%2Fv2%2Fcomments&post=287497"}],"version-history":[{"count":1,"href":"https:\/\/elluchador.info\/index.php?rest_route=\/wp\/v2\/posts\/287497\/revisions"}],"predecessor-version":[{"id":287499,"href":"https:\/\/elluchador.info\/index.php?rest_route=\/wp\/v2\/posts\/287497\/revisions\/287499"}],"wp:featuredmedia":[{"embeddable":true,"href":"https:\/\/elluchador.info\/index.php?rest_route=\/wp\/v2\/media\/287498"}],"wp:attachment":[{"href":"https:\/\/elluchador.info\/index.php?rest_route=%2Fwp%2Fv2%2Fmedia&parent=287497"}],"wp:term":[{"taxonomy":"category","embeddable":true,"href":"https:\/\/elluchador.info\/index.php?rest_route=%2Fwp%2Fv2%2Fcategories&post=287497"},{"taxonomy":"post_tag","embeddable":true,"href":"https:\/\/elluchador.info\/index.php?rest_route=%2Fwp%2Fv2%2Ftags&post=287497"}],"curies":[{"name":"wp","href":"https:\/\/api.w.org\/{rel}","templated":true}]}}