{"id":287509,"date":"2025-08-20T10:57:52","date_gmt":"2025-08-20T14:57:52","guid":{"rendered":"https:\/\/elluchador.info\/?p=287509"},"modified":"2025-08-20T10:57:56","modified_gmt":"2025-08-20T14:57:56","slug":"polvo-del-sahara-llega-a-venezuela-este-20ago-en-concentraciones-leves","status":"publish","type":"post","link":"https:\/\/elluchador.info\/?p=287509","title":{"rendered":"Polvo del Sahara llega a Venezuela este 20Ago en concentraciones leves"},"content":{"rendered":"\n<p>El Instituto Nacional de Meteorolog\u00eda e Hidrolog\u00eda (Inameh) inform\u00f3 la ma\u00f1ana de este mi\u00e9rcoles, 20 de agosto, que est\u00e1 previsto que hoy lleguen concentraciones de leves a moderadas de polvo del Sahara.<\/p>\n\n\n\n<p>El organismo precis\u00f3 que el polvo sahariano estar\u00e1 presente en toda la l\u00ednea costera y en la faja central del territorio venezolano. Se proyecta que las concentraciones de polvo permanezcan hasta el pr\u00f3ximo domingo, 24 de agosto.<\/p>\n\n\n\n<p>Tambi\u00e9n dijo que el fen\u00f3meno \u00ablimita la formaci\u00f3n importante de nubosidad y reduce la visibilidad horizontal\u00bb.<\/p>\n\n\n\n<figure class=\"wp-block-video aligncenter\"><video height=\"1936\" style=\"aspect-ratio: 1088 \/ 1936;\" width=\"1088\" controls src=\"https:\/\/elluchador.info\/wp-content\/uploads\/2025\/08\/post-inamehoficial-aug-20-2025.mp4\"><\/video><\/figure>\n\n\n\n<p>El Inameh tambi\u00e9n comparti\u00f3 un video en el que se muestra el movimiento del polvo del Sahara, el cual con cierta frecuencia es arrastrado por las corrientes de aire hacia los pa\u00edses del norte de Sudam\u00e9rica, las islas del Caribe y Am\u00e9rica Central.<\/p>\n\n\n\n<p>En esta ocasi\u00f3n, seg\u00fan se puede apreciar en el material, la mayor masa de concentraci\u00f3n del polvo se desplazar\u00e1 por el Caribe, perjudicando principalmente las antillas, Guyana, Venezuela y Am\u00e9rica Central.<\/p>\n\n\n\n<p>Aunque este fen\u00f3meno no representa un riesgo grave para la salud, la exposici\u00f3n al polvo puede generar irritaci\u00f3n en los ojos y en la piel.<\/p>\n\n\n\n<p>Adem\u00e1s, este polvo puede desencadenar complicaciones en personas que sufren de enfermedades relacionadas con el aparato respiratorio. Por ello, ante concentraciones notables de dicho compuesto en el aire es conveniente utilizar tapabocas.<\/p>\n\n\n\n<p>Con informaci\u00f3n <strong>Sumarium<\/strong><\/p>\n","protected":false},"excerpt":{"rendered":"<p>El Instituto Nacional de Meteorolog\u00eda e Hidrolog\u00eda (Inameh) inform\u00f3 la ma\u00f1ana de este mi\u00e9rcoles, 20 de agosto, que est\u00e1 previsto que hoy lleguen concentraciones de leves a moderadas de polvo del Sahara. El organismo precis\u00f3 que el polvo sahariano estar\u00e1 presente en toda la l\u00ednea costera y en la faja central del territorio venezolano. Se [&hellip;]<\/p>\n","protected":false},"author":33,"featured_media":287511,"comment_status":"closed","ping_status":"closed","sticky":false,"template":"","format":"standard","meta":{"footnotes":""},"categories":[5,9],"tags":[4868,105],"class_list":{"0":"post-287509","1":"post","2":"type-post","3":"status-publish","4":"format-standard","5":"has-post-thumbnail","7":"category-destacado","8":"category-nacionales","9":"tag-polvo-del-sahara","10":"tag-venezuela"},"_links":{"self":[{"href":"https:\/\/elluchador.info\/index.php?rest_route=\/wp\/v2\/posts\/287509","targetHints":{"allow":["GET"]}}],"collection":[{"href":"https:\/\/elluchador.info\/index.php?rest_route=\/wp\/v2\/posts"}],"about":[{"href":"https:\/\/elluchador.info\/index.php?rest_route=\/wp\/v2\/types\/post"}],"author":[{"embeddable":true,"href":"https:\/\/elluchador.info\/index.php?rest_route=\/wp\/v2\/users\/33"}],"replies":[{"embeddable":true,"href":"https:\/\/elluchador.info\/index.php?rest_route=%2Fwp%2Fv2%2Fcomments&post=287509"}],"version-history":[{"count":1,"href":"https:\/\/elluchador.info\/index.php?rest_route=\/wp\/v2\/posts\/287509\/revisions"}],"predecessor-version":[{"id":287512,"href":"https:\/\/elluchador.info\/index.php?rest_route=\/wp\/v2\/posts\/287509\/revisions\/287512"}],"wp:featuredmedia":[{"embeddable":true,"href":"https:\/\/elluchador.info\/index.php?rest_route=\/wp\/v2\/media\/287511"}],"wp:attachment":[{"href":"https:\/\/elluchador.info\/index.php?rest_route=%2Fwp%2Fv2%2Fmedia&parent=287509"}],"wp:term":[{"taxonomy":"category","embeddable":true,"href":"https:\/\/elluchador.info\/index.php?rest_route=%2Fwp%2Fv2%2Fcategories&post=287509"},{"taxonomy":"post_tag","embeddable":true,"href":"https:\/\/elluchador.info\/index.php?rest_route=%2Fwp%2Fv2%2Ftags&post=287509"}],"curies":[{"name":"wp","href":"https:\/\/api.w.org\/{rel}","templated":true}]}}