{"id":287709,"date":"2025-08-22T13:10:40","date_gmt":"2025-08-22T17:10:40","guid":{"rendered":"https:\/\/elluchador.info\/?p=287709"},"modified":"2025-08-22T13:11:57","modified_gmt":"2025-08-22T17:11:57","slug":"cabello-militantes-del-psuv-deben-conformar-sus-propios-cuerpos-de-combates","status":"publish","type":"post","link":"https:\/\/elluchador.info\/?p=287709","title":{"rendered":"Cabello: Militantes del PSUV deben conformar sus propios \u00abcuerpos de combates\u00bb"},"content":{"rendered":"\n<p>El ministro de Interior y Justicia,\u00a0Diosdado Cabello,\u00a0encabez\u00f3 este viernes el comienzo de la primera jornada de un entrenamiento dirigido a la Juventud del Partido Socialista Unido de Venezuela (JPSUV), en el que hizo un llamado al PSUV y al Gran Polo Patri\u00f3tico a \u00abconformar sus propios cuerpos de combates para defender la patria\u00bb ante las \u00abamenazas\u00bb que, asegur\u00f3, Venezuela recibe \u00abtodos los d\u00edas\u00bb por parte de EE.UU.<\/p>\n\n\n\n<p>\u00abAyer el presidente (Nicol\u00e1s Maduro) llam\u00f3 a filas a todos los venezolanos y venezolanas que aman la patria, a todos y a todas, y llam\u00f3 a filas ante las amenazas, agresiones, violaciones de todas las leyes internacionales por parte del imperialismo. Nos amenazan porque creen que con amenazas van a lograr lo que no han logrado con los votos\u00bb, dijo el tambi\u00e9n secretario general del PSUV en un acto celebrado en Carmen de Uria, estado La Guaira.<\/p>\n\n\n\n<p>En esta actividad, un total de 319 j\u00f3venes comenzaron a recibir un \u00abentrenamiento b\u00e1sico de resistencia revolucionaria\u00bb ante las \u00abamenazas\u00bb de Estados Unidos, cuyo Gobierno plantea enviar buques militares a las aguas del Caribe cerca del pa\u00eds suramericano bajo el argumento de combatir el tr\u00e1fico de drogas.<\/p>\n\n\n\n<p>Adem\u00e1s, Cabello reiter\u00f3 el llamado a toda la ciudadan\u00eda a que se aliste en la Milicia para la protecci\u00f3n del pa\u00eds ante estas acciones.<\/p>\n\n\n\n<p>Con informaci\u00f3n <strong>AVN<\/strong><\/p>\n","protected":false},"excerpt":{"rendered":"<p>El ministro de Interior y Justicia,\u00a0Diosdado Cabello,\u00a0encabez\u00f3 este viernes el comienzo de la primera jornada de un entrenamiento dirigido a la Juventud del Partido Socialista Unido de Venezuela (JPSUV), en el que hizo un llamado al PSUV y al Gran Polo Patri\u00f3tico a \u00abconformar sus propios cuerpos de combates para defender la patria\u00bb ante las [&hellip;]<\/p>\n","protected":false},"author":33,"featured_media":287710,"comment_status":"closed","ping_status":"closed","sticky":false,"template":"","format":"standard","meta":{"footnotes":""},"categories":[11],"tags":[4883,284],"class_list":{"0":"post-287709","1":"post","2":"type-post","3":"status-publish","4":"format-standard","5":"has-post-thumbnail","7":"category-politica","8":"tag-militancia","9":"tag-psuv"},"_links":{"self":[{"href":"https:\/\/elluchador.info\/index.php?rest_route=\/wp\/v2\/posts\/287709","targetHints":{"allow":["GET"]}}],"collection":[{"href":"https:\/\/elluchador.info\/index.php?rest_route=\/wp\/v2\/posts"}],"about":[{"href":"https:\/\/elluchador.info\/index.php?rest_route=\/wp\/v2\/types\/post"}],"author":[{"embeddable":true,"href":"https:\/\/elluchador.info\/index.php?rest_route=\/wp\/v2\/users\/33"}],"replies":[{"embeddable":true,"href":"https:\/\/elluchador.info\/index.php?rest_route=%2Fwp%2Fv2%2Fcomments&post=287709"}],"version-history":[{"count":1,"href":"https:\/\/elluchador.info\/index.php?rest_route=\/wp\/v2\/posts\/287709\/revisions"}],"predecessor-version":[{"id":287711,"href":"https:\/\/elluchador.info\/index.php?rest_route=\/wp\/v2\/posts\/287709\/revisions\/287711"}],"wp:featuredmedia":[{"embeddable":true,"href":"https:\/\/elluchador.info\/index.php?rest_route=\/wp\/v2\/media\/287710"}],"wp:attachment":[{"href":"https:\/\/elluchador.info\/index.php?rest_route=%2Fwp%2Fv2%2Fmedia&parent=287709"}],"wp:term":[{"taxonomy":"category","embeddable":true,"href":"https:\/\/elluchador.info\/index.php?rest_route=%2Fwp%2Fv2%2Fcategories&post=287709"},{"taxonomy":"post_tag","embeddable":true,"href":"https:\/\/elluchador.info\/index.php?rest_route=%2Fwp%2Fv2%2Ftags&post=287709"}],"curies":[{"name":"wp","href":"https:\/\/api.w.org\/{rel}","templated":true}]}}