{"id":287731,"date":"2025-08-22T14:15:00","date_gmt":"2025-08-22T18:15:00","guid":{"rendered":"https:\/\/elluchador.info\/?p=287731"},"modified":"2025-08-22T14:09:17","modified_gmt":"2025-08-22T18:09:17","slug":"guayana-esequiba-inicia-consulta-publica-para-la-creacion-de-sus-simbolos-oficiales","status":"publish","type":"post","link":"https:\/\/elluchador.info\/?p=287731","title":{"rendered":"Guayana Esequiba inicia consulta p\u00fablica para la creaci\u00f3n de sus s\u00edmbolos oficiales"},"content":{"rendered":"\n<p>El Consejo Legislativo del estado Guayana Esequiba, presidido por Arsenio Gonz\u00e1lez, dio inicio a la consulta p\u00fablica para la creaci\u00f3n de la Ley de S\u00edmbolos, un paso crucial en la definici\u00f3n de la identidad de esta nueva entidad federativa. El proceso, que se lleva a cabo en colaboraci\u00f3n con el gobernador Neil Villamizar, busca recopilar las propuestas ciudadanas para el dise\u00f1o del escudo, himno y bandera que representar\u00e1n a la regi\u00f3n.<\/p>\n\n\n\n<p>Durante el acto inaugural, el presidente Gonz\u00e1lez destac\u00f3 la importancia hist\u00f3rica de este momento. \u00abIniciamos una cruzada para consolidar la identidad de Guayana Esequiba\u00bb, afirm\u00f3. \u00abCon el apoyo del gobernador Villamizar, 22 consejos comunales y tres comunas, recopilaremos propuestas que reflejen el sentir nacional y la esencia de nuestro pueblo\u00bb.<\/p>\n\n\n\n<p>La consulta se desarrollar\u00e1 a trav\u00e9s de debates y discusiones en las comunidades, siguiendo lo establecido en el art\u00edculo 115 del Reglamento Interior y de Debate del Consejo Legislativo. Este enfoque participativo garantiza que los s\u00edmbolos sean un reflejo aut\u00e9ntico de la identidad y los valores de la regi\u00f3n.<\/p>\n\n\n\n<p>Gonz\u00e1lez, subray\u00f3 que el objetivo de esta iniciativa va m\u00e1s all\u00e1 de la simple creaci\u00f3n de emblemas. \u00abEsta ley reflejar\u00e1 nuestra historia, cultura y futuro\u00bb, se\u00f1al\u00f3. \u00abNo son solo s\u00edmbolos, sino la expresi\u00f3n de un pueblo unido en la construcci\u00f3n de su identidad\u00bb.<\/p>\n\n\n\n<p>El proceso recorrer\u00e1 diversas comunidades para incluir a todos los ciudadanos en un ejercicio democr\u00e1tico y participativo. La colaboraci\u00f3n entre el Consejo Legislativo, el gobernador y los consejos comunales representa un hito en la consolidaci\u00f3n de Guayana Esequiba como un estado aut\u00f3nomo con una identidad propia.<\/p>\n\n\n\n<p>Con informaci\u00f3n de <strong>agencias<\/strong><\/p>\n","protected":false},"excerpt":{"rendered":"<p>El Consejo Legislativo del estado Guayana Esequiba, presidido por Arsenio Gonz\u00e1lez, dio inicio a la consulta p\u00fablica para la creaci\u00f3n de la Ley de S\u00edmbolos, un paso crucial en la definici\u00f3n de la identidad de esta nueva entidad federativa. El proceso, que se lleva a cabo en colaboraci\u00f3n con el gobernador Neil Villamizar, busca recopilar [&hellip;]<\/p>\n","protected":false},"author":38,"featured_media":287732,"comment_status":"closed","ping_status":"closed","sticky":false,"template":"","format":"standard","meta":{"footnotes":""},"categories":[5,12],"tags":[3775,105],"class_list":{"0":"post-287731","1":"post","2":"type-post","3":"status-publish","4":"format-standard","5":"has-post-thumbnail","7":"category-destacado","8":"category-regionales","9":"tag-guayana-esequiba","10":"tag-venezuela"},"_links":{"self":[{"href":"https:\/\/elluchador.info\/index.php?rest_route=\/wp\/v2\/posts\/287731","targetHints":{"allow":["GET"]}}],"collection":[{"href":"https:\/\/elluchador.info\/index.php?rest_route=\/wp\/v2\/posts"}],"about":[{"href":"https:\/\/elluchador.info\/index.php?rest_route=\/wp\/v2\/types\/post"}],"author":[{"embeddable":true,"href":"https:\/\/elluchador.info\/index.php?rest_route=\/wp\/v2\/users\/38"}],"replies":[{"embeddable":true,"href":"https:\/\/elluchador.info\/index.php?rest_route=%2Fwp%2Fv2%2Fcomments&post=287731"}],"version-history":[{"count":1,"href":"https:\/\/elluchador.info\/index.php?rest_route=\/wp\/v2\/posts\/287731\/revisions"}],"predecessor-version":[{"id":287733,"href":"https:\/\/elluchador.info\/index.php?rest_route=\/wp\/v2\/posts\/287731\/revisions\/287733"}],"wp:featuredmedia":[{"embeddable":true,"href":"https:\/\/elluchador.info\/index.php?rest_route=\/wp\/v2\/media\/287732"}],"wp:attachment":[{"href":"https:\/\/elluchador.info\/index.php?rest_route=%2Fwp%2Fv2%2Fmedia&parent=287731"}],"wp:term":[{"taxonomy":"category","embeddable":true,"href":"https:\/\/elluchador.info\/index.php?rest_route=%2Fwp%2Fv2%2Fcategories&post=287731"},{"taxonomy":"post_tag","embeddable":true,"href":"https:\/\/elluchador.info\/index.php?rest_route=%2Fwp%2Fv2%2Ftags&post=287731"}],"curies":[{"name":"wp","href":"https:\/\/api.w.org\/{rel}","templated":true}]}}