{"id":287734,"date":"2025-08-22T15:34:18","date_gmt":"2025-08-22T19:34:18","guid":{"rendered":"https:\/\/elluchador.info\/?p=287734"},"modified":"2025-08-22T15:34:22","modified_gmt":"2025-08-22T19:34:22","slug":"rodri-regresara-a-las-canchas-tras-superar-su-lesion","status":"publish","type":"post","link":"https:\/\/elluchador.info\/?p=287734","title":{"rendered":"Rodri regresar\u00e1 a las canchas tras superar su lesi\u00f3n"},"content":{"rendered":"\n<p>El Manchester City ha recibido un importante impulso antes de su enfrentamiento de la segunda jornada de la Premier League contra el Tottenham este s\u00e1bado, con la confirmaci\u00f3n de que el volante espa\u00f1ol Rodri y el delantero ingl\u00e9s Phil Foden regresar\u00e1n a la acci\u00f3n.<\/p>\n\n\n\n<p>Rodri, el flamante ganador del Bal\u00f3n de Oro 2024, ha estado en el ojo del hurac\u00e1n tras una temporada plagada de lesiones. Despu\u00e9s de romperse el ligamento cruzado anterior, el jugador sufri\u00f3 una nueva lesi\u00f3n en la ingle durante el Mundial de Clubes.<\/p>\n\n\n\n<p>La ausencia del centrocampista se hizo notar en la victoria del City por 4-0 contra el Wolverhampton el pasado fin de semana, un partido en el que tambi\u00e9n estuvo ausente Phil Foden por razones de acondicionamiento f\u00edsico. Sin embargo, en una conferencia de prensa de este viernes, el t\u00e9cnico del club, Pep Guardiola, confirm\u00f3 que ambos jugadores est\u00e1n listos para el desaf\u00edo del fin de semana.<\/p>\n\n\n\n<p>La vuelta de estos dos pilares del equipo fortalece las opciones del City en su b\u00fasqueda por mantener un comienzo exitoso en la temporada. El encuentro contra el Tottenham se llevar\u00e1 a cabo el s\u00e1bado a las 11:00 (hora de Venezuela).<\/p>\n\n\n\n<p>Con informaci\u00f3n de <strong>agencias<\/strong><\/p>\n","protected":false},"excerpt":{"rendered":"<p>El Manchester City ha recibido un importante impulso antes de su enfrentamiento de la segunda jornada de la Premier League contra el Tottenham este s\u00e1bado, con la confirmaci\u00f3n de que el volante espa\u00f1ol Rodri y el delantero ingl\u00e9s Phil Foden regresar\u00e1n a la acci\u00f3n. Rodri, el flamante ganador del Bal\u00f3n de Oro 2024, ha estado [&hellip;]<\/p>\n","protected":false},"author":38,"featured_media":287735,"comment_status":"closed","ping_status":"closed","sticky":false,"template":"","format":"standard","meta":{"footnotes":""},"categories":[4],"tags":[448],"class_list":{"0":"post-287734","1":"post","2":"type-post","3":"status-publish","4":"format-standard","5":"has-post-thumbnail","7":"category-deportes","8":"tag-mundo"},"_links":{"self":[{"href":"https:\/\/elluchador.info\/index.php?rest_route=\/wp\/v2\/posts\/287734","targetHints":{"allow":["GET"]}}],"collection":[{"href":"https:\/\/elluchador.info\/index.php?rest_route=\/wp\/v2\/posts"}],"about":[{"href":"https:\/\/elluchador.info\/index.php?rest_route=\/wp\/v2\/types\/post"}],"author":[{"embeddable":true,"href":"https:\/\/elluchador.info\/index.php?rest_route=\/wp\/v2\/users\/38"}],"replies":[{"embeddable":true,"href":"https:\/\/elluchador.info\/index.php?rest_route=%2Fwp%2Fv2%2Fcomments&post=287734"}],"version-history":[{"count":1,"href":"https:\/\/elluchador.info\/index.php?rest_route=\/wp\/v2\/posts\/287734\/revisions"}],"predecessor-version":[{"id":287736,"href":"https:\/\/elluchador.info\/index.php?rest_route=\/wp\/v2\/posts\/287734\/revisions\/287736"}],"wp:featuredmedia":[{"embeddable":true,"href":"https:\/\/elluchador.info\/index.php?rest_route=\/wp\/v2\/media\/287735"}],"wp:attachment":[{"href":"https:\/\/elluchador.info\/index.php?rest_route=%2Fwp%2Fv2%2Fmedia&parent=287734"}],"wp:term":[{"taxonomy":"category","embeddable":true,"href":"https:\/\/elluchador.info\/index.php?rest_route=%2Fwp%2Fv2%2Fcategories&post=287734"},{"taxonomy":"post_tag","embeddable":true,"href":"https:\/\/elluchador.info\/index.php?rest_route=%2Fwp%2Fv2%2Ftags&post=287734"}],"curies":[{"name":"wp","href":"https:\/\/api.w.org\/{rel}","templated":true}]}}