{"id":287755,"date":"2025-08-22T19:26:17","date_gmt":"2025-08-22T23:26:17","guid":{"rendered":"https:\/\/elluchador.info\/?p=287755"},"modified":"2025-08-22T19:26:17","modified_gmt":"2025-08-22T23:26:17","slug":"an-realiza-acto-en-defensa-de-la-soberania-y-la-paz-de-venezuela","status":"publish","type":"post","link":"https:\/\/elluchador.info\/?p=287755","title":{"rendered":"AN realiza acto en defensa de la soberan\u00eda y la paz de Venezuela"},"content":{"rendered":"\n<p>La Rep\u00fablica Bolivariana de Venezuela reafirm\u00f3 su inquebrantable compromiso con la paz y la defensa de su soberan\u00eda en un acto solemne celebrado en el Sal\u00f3n El\u00edptico del Palacio Federal Legislativo. El evento, encabezado por el presidente de la Rep\u00fablica, Nicol\u00e1s Maduro Moros, reuni\u00f3 a diversos sectores pol\u00edticos, sociales y culturales para ratificar la unidad nacional.<\/p>\n\n\n\n<p>Durante la jornada, el presidente de la Asamblea Nacional (AN), Jorge Rodr\u00edguez G\u00f3mez, destac\u00f3 que \u00abtodo el pueblo est\u00e1 presto para defender la paz\u00bb, subrayando que la \u00fanica acci\u00f3n que une a los venezolanos, m\u00e1s all\u00e1 de cualquier diferencia pol\u00edtica o geogr\u00e1fica, es la defensa de la patria.<\/p>\n\n\n\n<p>\u00abEstamos reunidos todos los sectores\u2026 para expresar y ratificar la indeclinable decisi\u00f3n de defender la soberan\u00eda de la Rep\u00fablica, para defender la paz, el derecho del pueblo a vivir para siempre independiente y soberano\u00bb, manifest\u00f3 el diputado Rodr\u00edguez.<\/p>\n\n\n\n<p>Un llamado a la paz en un contexto global de tensi\u00f3n<br>El acto tambi\u00e9n sirvi\u00f3 para reafirmar el compromiso de Am\u00e9rica Latina y el Caribe como un territorio de paz, recordando la hist\u00f3rica declaraci\u00f3n conjunta de la Comunidad de Estados Latinoamericanos y Caribe\u00f1os (CELAC).<\/p>\n\n\n\n<p>Rodr\u00edguez G\u00f3mez, contrast\u00f3 la situaci\u00f3n de la regi\u00f3n con el contexto global, afirmando: \u00abMientras el planeta se encuentra bajo tensiones, genocidio y exterminio, nosotros insistimos en que prevalezca la paz\u00bb.<\/p>\n\n\n\n<p><strong>Manifiesto en defensa de la naci\u00f3n<\/strong><br>Durante la ceremonia, el diputado Rodr\u00edguez dio lectura a un manifiesto oficial en defensa integral de la Naci\u00f3n. Este documento rechaza en\u00e9rgicamente las \u00abnarrativas contra la Rep\u00fablica Bolivariana de Venezuela\u00bb, a las que califica de acusaciones sin evidencia e informes manipulados dise\u00f1ados para mancillar la soberan\u00eda del pa\u00eds.<\/p>\n\n\n\n<p>El manifiesto tambi\u00e9n repudia las acciones hostiles que buscan deslegitimar el mandato del presidente Nicol\u00e1s Maduro y denuncia que estas agresiones representan un nuevo intento por desestabilizar la naci\u00f3n y apoderarse de sus riquezas.<\/p>\n\n\n\n<p>Para concluir, el documento ratifica el compromiso hist\u00f3rico de Venezuela, Am\u00e9rica Latina y el Caribe con la soberan\u00eda y la autodeterminaci\u00f3n de los pueblos, haciendo un llamado a la unidad nacional para preservar la paz.<\/p>\n\n\n\n<p>\u00abEs lo que se merece nuestra gente, nuestras mujeres, nuestros hombres, pero sobre todo las naciones bolivarianas\u00bb, finaliz\u00f3 el manifiesto.<\/p>\n\n\n\n<p>Con informaci\u00f3n de <strong>agencias<\/strong><\/p>\n","protected":false},"excerpt":{"rendered":"<p>La Rep\u00fablica Bolivariana de Venezuela reafirm\u00f3 su inquebrantable compromiso con la paz y la defensa de su soberan\u00eda en un acto solemne celebrado en el Sal\u00f3n El\u00edptico del Palacio Federal Legislativo. El evento, encabezado por el presidente de la Rep\u00fablica, Nicol\u00e1s Maduro Moros, reuni\u00f3 a diversos sectores pol\u00edticos, sociales y culturales para ratificar la unidad [&hellip;]<\/p>\n","protected":false},"author":38,"featured_media":287756,"comment_status":"closed","ping_status":"","sticky":false,"template":"","format":"standard","meta":{"footnotes":""},"categories":[5,9],"tags":[105],"class_list":{"0":"post-287755","1":"post","2":"type-post","3":"status-publish","4":"format-standard","5":"has-post-thumbnail","7":"category-destacado","8":"category-nacionales","9":"tag-venezuela"},"_links":{"self":[{"href":"https:\/\/elluchador.info\/index.php?rest_route=\/wp\/v2\/posts\/287755","targetHints":{"allow":["GET"]}}],"collection":[{"href":"https:\/\/elluchador.info\/index.php?rest_route=\/wp\/v2\/posts"}],"about":[{"href":"https:\/\/elluchador.info\/index.php?rest_route=\/wp\/v2\/types\/post"}],"author":[{"embeddable":true,"href":"https:\/\/elluchador.info\/index.php?rest_route=\/wp\/v2\/users\/38"}],"replies":[{"embeddable":true,"href":"https:\/\/elluchador.info\/index.php?rest_route=%2Fwp%2Fv2%2Fcomments&post=287755"}],"version-history":[{"count":1,"href":"https:\/\/elluchador.info\/index.php?rest_route=\/wp\/v2\/posts\/287755\/revisions"}],"predecessor-version":[{"id":287757,"href":"https:\/\/elluchador.info\/index.php?rest_route=\/wp\/v2\/posts\/287755\/revisions\/287757"}],"wp:featuredmedia":[{"embeddable":true,"href":"https:\/\/elluchador.info\/index.php?rest_route=\/wp\/v2\/media\/287756"}],"wp:attachment":[{"href":"https:\/\/elluchador.info\/index.php?rest_route=%2Fwp%2Fv2%2Fmedia&parent=287755"}],"wp:term":[{"taxonomy":"category","embeddable":true,"href":"https:\/\/elluchador.info\/index.php?rest_route=%2Fwp%2Fv2%2Fcategories&post=287755"},{"taxonomy":"post_tag","embeddable":true,"href":"https:\/\/elluchador.info\/index.php?rest_route=%2Fwp%2Fv2%2Ftags&post=287755"}],"curies":[{"name":"wp","href":"https:\/\/api.w.org\/{rel}","templated":true}]}}