{"id":287778,"date":"2025-08-23T12:28:40","date_gmt":"2025-08-23T16:28:40","guid":{"rendered":"https:\/\/elluchador.info\/?p=287778"},"modified":"2025-08-23T12:28:45","modified_gmt":"2025-08-23T16:28:45","slug":"inicia-proceso-de-alistamiento-de-la-milicia-nacional","status":"publish","type":"post","link":"https:\/\/elluchador.info\/?p=287778","title":{"rendered":"Inicia proceso de alistamiento de la milicia nacional"},"content":{"rendered":"\n<p>\u200eEl Plan Nacional de Soberan\u00eda y Paz Sim\u00f3n Bol\u00edvar ser\u00e1 activado hoy y ma\u00f1ana en todo el territorio nacional, luego del llamado del presidente Nicol\u00e1s Maduro a alistarse para la defensa del pa\u00eds.<br>\u200e<br>\u200eEl ministro de la Defensa, general Vladimir Padrino L\u00f3pez, inform\u00f3 ayer que \u201ctodo el sistema defensivo territorial se prepara para atender el llamado a filas realizado por nuestro comandante en jefe Nicol\u00e1s Maduro\u201d para este fin de semana.<br>\u200e<br>\u200e\u201c\u00a1Esta Patria tiene pueblo y Fanb que la defienda! \u00a1Vamos, pues! \u00a1Es hora de defender a Venezuela!\u201d, dijo en Telegram.<br>\u200e<br>\u200eLa jornada se llevar\u00e1 a cabo en las plazas Bol\u00edvar, sedes de los cuarteles militares y en las 15.751 bases populares de defensa integral.<br>\u200e<br>\u200eCon informaci\u00f3n <strong>\u00daN<\/strong><\/p>\n","protected":false},"excerpt":{"rendered":"<p>\u200eEl Plan Nacional de Soberan\u00eda y Paz Sim\u00f3n Bol\u00edvar ser\u00e1 activado hoy y ma\u00f1ana en todo el territorio nacional, luego del llamado del presidente Nicol\u00e1s Maduro a alistarse para la defensa del pa\u00eds.\u200e\u200eEl ministro de la Defensa, general Vladimir Padrino L\u00f3pez, inform\u00f3 ayer que \u201ctodo el sistema defensivo territorial se prepara para atender el llamado [&hellip;]<\/p>\n","protected":false},"author":33,"featured_media":287779,"comment_status":"closed","ping_status":"closed","sticky":false,"template":"","format":"standard","meta":{"footnotes":""},"categories":[11],"tags":[185,4854,105],"class_list":{"0":"post-287778","1":"post","2":"type-post","3":"status-publish","4":"format-standard","5":"has-post-thumbnail","7":"category-politica","8":"tag-bolivar","9":"tag-milicianos","10":"tag-venezuela"},"_links":{"self":[{"href":"https:\/\/elluchador.info\/index.php?rest_route=\/wp\/v2\/posts\/287778","targetHints":{"allow":["GET"]}}],"collection":[{"href":"https:\/\/elluchador.info\/index.php?rest_route=\/wp\/v2\/posts"}],"about":[{"href":"https:\/\/elluchador.info\/index.php?rest_route=\/wp\/v2\/types\/post"}],"author":[{"embeddable":true,"href":"https:\/\/elluchador.info\/index.php?rest_route=\/wp\/v2\/users\/33"}],"replies":[{"embeddable":true,"href":"https:\/\/elluchador.info\/index.php?rest_route=%2Fwp%2Fv2%2Fcomments&post=287778"}],"version-history":[{"count":1,"href":"https:\/\/elluchador.info\/index.php?rest_route=\/wp\/v2\/posts\/287778\/revisions"}],"predecessor-version":[{"id":287780,"href":"https:\/\/elluchador.info\/index.php?rest_route=\/wp\/v2\/posts\/287778\/revisions\/287780"}],"wp:featuredmedia":[{"embeddable":true,"href":"https:\/\/elluchador.info\/index.php?rest_route=\/wp\/v2\/media\/287779"}],"wp:attachment":[{"href":"https:\/\/elluchador.info\/index.php?rest_route=%2Fwp%2Fv2%2Fmedia&parent=287778"}],"wp:term":[{"taxonomy":"category","embeddable":true,"href":"https:\/\/elluchador.info\/index.php?rest_route=%2Fwp%2Fv2%2Fcategories&post=287778"},{"taxonomy":"post_tag","embeddable":true,"href":"https:\/\/elluchador.info\/index.php?rest_route=%2Fwp%2Fv2%2Ftags&post=287778"}],"curies":[{"name":"wp","href":"https:\/\/api.w.org\/{rel}","templated":true}]}}