{"id":287908,"date":"2025-08-24T22:20:09","date_gmt":"2025-08-25T02:20:09","guid":{"rendered":"https:\/\/elluchador.info\/?p=287908"},"modified":"2025-08-24T22:20:19","modified_gmt":"2025-08-25T02:20:19","slug":"culmino-proceso-de-registro-y-control-de-alistamiento-a-la-milicia-bolivariana-en-bolivar","status":"publish","type":"post","link":"https:\/\/elluchador.info\/?p=287908","title":{"rendered":"Culmin\u00f3 Proceso de Registro y Control de Alistamiento a la Milicia Bolivariana en Bol\u00edvar"},"content":{"rendered":"\n<p>\u200eEn un ambiente de fiesta, encuentro y uni\u00f3n nacional, se llev\u00f3 a cabo el Proceso de Registro y Control de Alistamiento a la Milicia Bolivariana en el Estado Bol\u00edvar, el cual inici\u00f3 el s\u00e1bado 23 de agosto en todas las Plaza Bol\u00edvar y Fuertes Militares de la entidad, donde se observ\u00f3 una masiva participaci\u00f3n ciudadana, culminando el domingo 24 hasta registrar al \u00faltimo patriota que se encontraba haciendo su cola en los puntos habilitados, donde se registraron 20.150 personas, hasta las 4:00 pm del d\u00eda domingo. <\/p>\n\n\n<div class=\"wp-block-image\">\n<figure class=\"aligncenter size-large is-resized\"><img loading=\"lazy\" decoding=\"async\" width=\"1024\" height=\"576\" src=\"https:\/\/elluchador.info\/wp-content\/uploads\/2025\/08\/IMG_20250824_185622_744-1024x576.jpg\" alt=\"\" class=\"wp-image-287909\" style=\"aspect-ratio:1;width:400px;height:auto\" srcset=\"https:\/\/elluchador.info\/wp-content\/uploads\/2025\/08\/IMG_20250824_185622_744-1024x576.jpg 1024w, https:\/\/elluchador.info\/wp-content\/uploads\/2025\/08\/IMG_20250824_185622_744-300x169.jpg 300w, https:\/\/elluchador.info\/wp-content\/uploads\/2025\/08\/IMG_20250824_185622_744-768x432.jpg 768w, https:\/\/elluchador.info\/wp-content\/uploads\/2025\/08\/IMG_20250824_185622_744-150x84.jpg 150w, https:\/\/elluchador.info\/wp-content\/uploads\/2025\/08\/IMG_20250824_185622_744-696x392.jpg 696w, https:\/\/elluchador.info\/wp-content\/uploads\/2025\/08\/IMG_20250824_185622_744-1068x601.jpg 1068w, https:\/\/elluchador.info\/wp-content\/uploads\/2025\/08\/IMG_20250824_185622_744.jpg 1280w\" sizes=\"auto, (max-width: 1024px) 100vw, 1024px\" \/><\/figure>\n<\/div>\n\n\n<p>\u200ePor su parte en la hist\u00f3rica Ciudad Bol\u00edvar, el G\/D. Miguel Antonio Yilales Arteaga, Comandante de la ZODI N\u00b0 62 Bol\u00edvar, en compa\u00f1ia de Yulisbeth Garc\u00eda, Gobernadora del Estado Bol\u00edvar y el Ptte. de Milicia Sergio Hern\u00e1ndez, Alcalde del Municipio Angostura del Orinoco, junto al Poder Popular, dando cumplimiento al llamado del Presidente Constitucional de la Rep\u00fablica Bolivariana de Venezuela, Comandante en Jefe (C\/J) de la FANB, Nicol\u00e1s Maduro Moros, aperturaron el proceso en el Fuerte Cayaurima y la Plaza Bol\u00edvar de la entidad, donde en un ambiente de fiesta y celebraci\u00f3n, el pueblo reafirm\u00f3 su compromiso de defender sus derechos sagrados, como lo son; la autodeterminaci\u00f3n, el ejercicio pleno de la soberan\u00eda y el disfrute total de la paz conquistada. <\/p>\n\n\n\n<figure class=\"wp-block-gallery has-nested-images columns-default is-cropped wp-block-gallery-1 is-layout-flex wp-block-gallery-is-layout-flex\">\n<figure class=\"wp-block-image size-large\"><img loading=\"lazy\" decoding=\"async\" width=\"1024\" height=\"576\" data-id=\"287910\" src=\"https:\/\/elluchador.info\/wp-content\/uploads\/2025\/08\/IMG_20250824_185652_629-1024x576.jpg\" alt=\"\" class=\"wp-image-287910\" srcset=\"https:\/\/elluchador.info\/wp-content\/uploads\/2025\/08\/IMG_20250824_185652_629-1024x576.jpg 1024w, https:\/\/elluchador.info\/wp-content\/uploads\/2025\/08\/IMG_20250824_185652_629-300x169.jpg 300w, https:\/\/elluchador.info\/wp-content\/uploads\/2025\/08\/IMG_20250824_185652_629-768x432.jpg 768w, https:\/\/elluchador.info\/wp-content\/uploads\/2025\/08\/IMG_20250824_185652_629-150x84.jpg 150w, https:\/\/elluchador.info\/wp-content\/uploads\/2025\/08\/IMG_20250824_185652_629-696x392.jpg 696w, https:\/\/elluchador.info\/wp-content\/uploads\/2025\/08\/IMG_20250824_185652_629-1068x601.jpg 1068w, https:\/\/elluchador.info\/wp-content\/uploads\/2025\/08\/IMG_20250824_185652_629.jpg 1280w\" sizes=\"auto, (max-width: 1024px) 100vw, 1024px\" \/><\/figure>\n\n\n\n<figure class=\"wp-block-image size-large\"><img loading=\"lazy\" decoding=\"async\" width=\"744\" height=\"992\" data-id=\"287911\" src=\"https:\/\/elluchador.info\/wp-content\/uploads\/2025\/08\/IMG_20250824_185658_249.jpg\" alt=\"\" class=\"wp-image-287911\" srcset=\"https:\/\/elluchador.info\/wp-content\/uploads\/2025\/08\/IMG_20250824_185658_249.jpg 744w, https:\/\/elluchador.info\/wp-content\/uploads\/2025\/08\/IMG_20250824_185658_249-225x300.jpg 225w, https:\/\/elluchador.info\/wp-content\/uploads\/2025\/08\/IMG_20250824_185658_249-150x200.jpg 150w, https:\/\/elluchador.info\/wp-content\/uploads\/2025\/08\/IMG_20250824_185658_249-300x400.jpg 300w, https:\/\/elluchador.info\/wp-content\/uploads\/2025\/08\/IMG_20250824_185658_249-696x928.jpg 696w\" sizes=\"auto, (max-width: 744px) 100vw, 744px\" \/><\/figure>\n<\/figure>\n\n\n\n<p>\u200eEs importante se\u00f1alar que durante todo el proceso se observ\u00f3 una gran afluencia de mujeres y j\u00f3venes patriotas, quienes manifestaron su compromiso con la defensa de la soberan\u00eda y la paz de la Patria, en este sentido, Yuraima Cede\u00f1o, habitante de la Parroquia Catedral del municipio Angostura del Orinoco, dijo, -\u201dYo como mujer y madre venezolana, patriota, amante de la paz, me alisto para defensa de mi pa\u00eds, por el futuro de mi hija y de todos los hijos de la patria. Me alisto por Amor a mi Patria.\u201d- <\/p>\n\n\n\n<figure class=\"wp-block-gallery has-nested-images columns-default is-cropped wp-block-gallery-2 is-layout-flex wp-block-gallery-is-layout-flex\">\n<figure class=\"wp-block-image size-large\"><img loading=\"lazy\" decoding=\"async\" width=\"1024\" height=\"768\" data-id=\"287912\" src=\"https:\/\/elluchador.info\/wp-content\/uploads\/2025\/08\/IMG_20250824_185642_720-1024x768.jpg\" alt=\"\" class=\"wp-image-287912\" srcset=\"https:\/\/elluchador.info\/wp-content\/uploads\/2025\/08\/IMG_20250824_185642_720-1024x768.jpg 1024w, https:\/\/elluchador.info\/wp-content\/uploads\/2025\/08\/IMG_20250824_185642_720-300x225.jpg 300w, https:\/\/elluchador.info\/wp-content\/uploads\/2025\/08\/IMG_20250824_185642_720-768x576.jpg 768w, https:\/\/elluchador.info\/wp-content\/uploads\/2025\/08\/IMG_20250824_185642_720-150x113.jpg 150w, https:\/\/elluchador.info\/wp-content\/uploads\/2025\/08\/IMG_20250824_185642_720-696x522.jpg 696w, https:\/\/elluchador.info\/wp-content\/uploads\/2025\/08\/IMG_20250824_185642_720-1068x801.jpg 1068w, https:\/\/elluchador.info\/wp-content\/uploads\/2025\/08\/IMG_20250824_185642_720.jpg 1280w\" sizes=\"auto, (max-width: 1024px) 100vw, 1024px\" \/><\/figure>\n\n\n\n<figure class=\"wp-block-image size-large\"><img loading=\"lazy\" decoding=\"async\" width=\"1024\" height=\"576\" data-id=\"287913\" src=\"https:\/\/elluchador.info\/wp-content\/uploads\/2025\/08\/IMG_20250824_185610_217-1024x576.jpg\" alt=\"\" class=\"wp-image-287913\" srcset=\"https:\/\/elluchador.info\/wp-content\/uploads\/2025\/08\/IMG_20250824_185610_217-1024x576.jpg 1024w, https:\/\/elluchador.info\/wp-content\/uploads\/2025\/08\/IMG_20250824_185610_217-300x169.jpg 300w, https:\/\/elluchador.info\/wp-content\/uploads\/2025\/08\/IMG_20250824_185610_217-768x432.jpg 768w, https:\/\/elluchador.info\/wp-content\/uploads\/2025\/08\/IMG_20250824_185610_217-1536x864.jpg 1536w, https:\/\/elluchador.info\/wp-content\/uploads\/2025\/08\/IMG_20250824_185610_217-150x84.jpg 150w, https:\/\/elluchador.info\/wp-content\/uploads\/2025\/08\/IMG_20250824_185610_217-696x392.jpg 696w, https:\/\/elluchador.info\/wp-content\/uploads\/2025\/08\/IMG_20250824_185610_217-1068x601.jpg 1068w, https:\/\/elluchador.info\/wp-content\/uploads\/2025\/08\/IMG_20250824_185610_217.jpg 1920w\" sizes=\"auto, (max-width: 1024px) 100vw, 1024px\" \/><\/figure>\n<\/figure>\n\n\n\n<p>\u200ePor su parte el Comandante de la ZODI N\u00b0 62\u00a0 Bol\u00edvar, G\/D. Miguel Antonio Yilales Arteaga, se\u00f1al\u00f3 que\u00a0 -\u201dcon esta respuesta del pueblo venezolano al llamado del Presidente Constitucional de la Rep\u00fablica Bolivariana de Venezuela, C\/J de la FANB, Nicol\u00e1s Maduro Moros, de alistarse en las filas de la Milicia Bolivariana, se desmostr\u00f3 al imperio norteamericano y a cualquiera que pretenda violentar la soberan\u00eda de la patria, que somos un pueblo de paz, pero determinados a ser libres y a no dejarnos amedrentar, por nadie\u201d-.<br>\u200e<br>\u200e<br><strong>\u200ePrensa Zodi Bol\u00edvar<\/strong><\/p>\n","protected":false},"excerpt":{"rendered":"<p>\u200eEn un ambiente de fiesta, encuentro y uni\u00f3n nacional, se llev\u00f3 a cabo el Proceso de Registro y Control de Alistamiento a la Milicia Bolivariana en el Estado Bol\u00edvar, el cual inici\u00f3 el s\u00e1bado 23 de agosto en todas las Plaza Bol\u00edvar y Fuertes Militares de la entidad, donde se observ\u00f3 una masiva participaci\u00f3n ciudadana, [&hellip;]<\/p>\n","protected":false},"author":33,"featured_media":287914,"comment_status":"closed","ping_status":"closed","sticky":false,"template":"","format":"standard","meta":{"footnotes":""},"categories":[12],"tags":[185,577],"class_list":{"0":"post-287908","1":"post","2":"type-post","3":"status-publish","4":"format-standard","5":"has-post-thumbnail","7":"category-regionales","8":"tag-bolivar","9":"tag-milicia"},"_links":{"self":[{"href":"https:\/\/elluchador.info\/index.php?rest_route=\/wp\/v2\/posts\/287908","targetHints":{"allow":["GET"]}}],"collection":[{"href":"https:\/\/elluchador.info\/index.php?rest_route=\/wp\/v2\/posts"}],"about":[{"href":"https:\/\/elluchador.info\/index.php?rest_route=\/wp\/v2\/types\/post"}],"author":[{"embeddable":true,"href":"https:\/\/elluchador.info\/index.php?rest_route=\/wp\/v2\/users\/33"}],"replies":[{"embeddable":true,"href":"https:\/\/elluchador.info\/index.php?rest_route=%2Fwp%2Fv2%2Fcomments&post=287908"}],"version-history":[{"count":1,"href":"https:\/\/elluchador.info\/index.php?rest_route=\/wp\/v2\/posts\/287908\/revisions"}],"predecessor-version":[{"id":287915,"href":"https:\/\/elluchador.info\/index.php?rest_route=\/wp\/v2\/posts\/287908\/revisions\/287915"}],"wp:featuredmedia":[{"embeddable":true,"href":"https:\/\/elluchador.info\/index.php?rest_route=\/wp\/v2\/media\/287914"}],"wp:attachment":[{"href":"https:\/\/elluchador.info\/index.php?rest_route=%2Fwp%2Fv2%2Fmedia&parent=287908"}],"wp:term":[{"taxonomy":"category","embeddable":true,"href":"https:\/\/elluchador.info\/index.php?rest_route=%2Fwp%2Fv2%2Fcategories&post=287908"},{"taxonomy":"post_tag","embeddable":true,"href":"https:\/\/elluchador.info\/index.php?rest_route=%2Fwp%2Fv2%2Ftags&post=287908"}],"curies":[{"name":"wp","href":"https:\/\/api.w.org\/{rel}","templated":true}]}}