{"id":287970,"date":"2025-08-25T14:19:11","date_gmt":"2025-08-25T18:19:11","guid":{"rendered":"https:\/\/elluchador.info\/?p=287970"},"modified":"2025-08-25T14:19:14","modified_gmt":"2025-08-25T18:19:14","slug":"gobierno-extiende-jornada-de-alistamiento-militar-en-toda-venezuela","status":"publish","type":"post","link":"https:\/\/elluchador.info\/?p=287970","title":{"rendered":"Gobierno extiende jornada de alistamiento militar en toda Venezuela"},"content":{"rendered":"\n<p>El presidente de Venezuela, Nicol\u00e1s Maduro, anunci\u00f3 este lunes la <strong><em>extensi\u00f3n de la jornada de alistamiento militar para los d\u00edas viernes 29 y s\u00e1bado 30 de agosto<\/em><\/strong>, como parte del llamado nacional a fortalecer el Sistema Defensivo Nacional.<\/p>\n\n\n\n<p>A trav\u00e9s de sus redes sociales, el mandatario calific\u00f3 la convocatoria como una \u201cjornada heroica de llamado a filas\u201d y destac\u00f3 que el objetivo es defender la paz, la soberan\u00eda y el futuro de Venezuela.<\/p>\n\n\n\n<p>\u201cHemos dado el primer paso para activar el Sistema Defensivo Nacional. El pueblo, la Fanb y la Milicia, hoy somos m\u00e1s fuertes que nunca. \u00a1Los pueblos del mundo admiran nuestra valent\u00eda!\u201d, expres\u00f3 Maduro.<\/p>\n\n\n\n<p>La jornada, que se inici\u00f3 el pasado fin de semana, recibi\u00f3 a los interesados en plazas Bol\u00edvar y centros habilitados en todo el territorio nacional. Seg\u00fan el Ejecutivo, esta movilizaci\u00f3n representa un hito en la articulaci\u00f3n c\u00edvico-militar para la defensa integral del pa\u00eds.<\/p>\n\n\n\n<p>El llamado se enmarca en el Plan Nacional de Soberan\u00eda y Paz Sim\u00f3n Bol\u00edvar y busca integrar a milicianos, reservistas y ciudadanos voluntarios en labores de formaci\u00f3n, organizaci\u00f3n territorial y defensa activa frente a amenazas externas.<\/p>\n\n\n\n<p>Los puntos de registro estar\u00e1n habilitados en plazas p\u00fablicas, unidades militares y sedes de las Bases Populares de Defensa Integral. La convocatoria incluye actividades formativas y ejercicios de integraci\u00f3n con la Milicia Bolivariana.<\/p>\n\n\n\n<p>Con informaci\u00f3n de <strong><em>Uni\u00f3n Radio<\/em><\/strong><\/p>\n","protected":false},"excerpt":{"rendered":"<p>El presidente de Venezuela, Nicol\u00e1s Maduro, anunci\u00f3 este lunes la extensi\u00f3n de la jornada de alistamiento militar para los d\u00edas viernes 29 y s\u00e1bado 30 de agosto, como parte del llamado nacional a fortalecer el Sistema Defensivo Nacional. A trav\u00e9s de sus redes sociales, el mandatario calific\u00f3 la convocatoria como una \u201cjornada heroica de llamado [&hellip;]<\/p>\n","protected":false},"author":33,"featured_media":287971,"comment_status":"closed","ping_status":"closed","sticky":false,"template":"","format":"standard","meta":{"footnotes":""},"categories":[11],"tags":[4894,528],"class_list":{"0":"post-287970","1":"post","2":"type-post","3":"status-publish","4":"format-standard","5":"has-post-thumbnail","7":"category-politica","8":"tag-alistamiento","9":"tag-militar"},"_links":{"self":[{"href":"https:\/\/elluchador.info\/index.php?rest_route=\/wp\/v2\/posts\/287970","targetHints":{"allow":["GET"]}}],"collection":[{"href":"https:\/\/elluchador.info\/index.php?rest_route=\/wp\/v2\/posts"}],"about":[{"href":"https:\/\/elluchador.info\/index.php?rest_route=\/wp\/v2\/types\/post"}],"author":[{"embeddable":true,"href":"https:\/\/elluchador.info\/index.php?rest_route=\/wp\/v2\/users\/33"}],"replies":[{"embeddable":true,"href":"https:\/\/elluchador.info\/index.php?rest_route=%2Fwp%2Fv2%2Fcomments&post=287970"}],"version-history":[{"count":1,"href":"https:\/\/elluchador.info\/index.php?rest_route=\/wp\/v2\/posts\/287970\/revisions"}],"predecessor-version":[{"id":287972,"href":"https:\/\/elluchador.info\/index.php?rest_route=\/wp\/v2\/posts\/287970\/revisions\/287972"}],"wp:featuredmedia":[{"embeddable":true,"href":"https:\/\/elluchador.info\/index.php?rest_route=\/wp\/v2\/media\/287971"}],"wp:attachment":[{"href":"https:\/\/elluchador.info\/index.php?rest_route=%2Fwp%2Fv2%2Fmedia&parent=287970"}],"wp:term":[{"taxonomy":"category","embeddable":true,"href":"https:\/\/elluchador.info\/index.php?rest_route=%2Fwp%2Fv2%2Fcategories&post=287970"},{"taxonomy":"post_tag","embeddable":true,"href":"https:\/\/elluchador.info\/index.php?rest_route=%2Fwp%2Fv2%2Ftags&post=287970"}],"curies":[{"name":"wp","href":"https:\/\/api.w.org\/{rel}","templated":true}]}}